{"id":16716,"date":"2023-08-02T11:37:42","date_gmt":"2023-08-02T08:37:42","guid":{"rendered":"https:\/\/traditia.md\/?p=16716"},"modified":"2023-08-02T11:40:24","modified_gmt":"2023-08-02T08:40:24","slug":"nimiceste-prin-rugaciunile-tale-preamarite-prorocule-al-lui-dumnezeu-ilie-naravurile-cele-rele-ale-lumii","status":"publish","type":"post","link":"https:\/\/traditia.md\/ro\/nimiceste-prin-rugaciunile-tale-preamarite-prorocule-al-lui-dumnezeu-ilie-naravurile-cele-rele-ale-lumii\/","title":{"rendered":"Nimice\u0219te prin rug\u0103ciunile tale, pream\u0103rite prorocule al lui Dumnezeu, Ilie, n\u0103ravurile cele rele ale lumii"},"content":{"rendered":"<p><strong><em>La 2 august cre\u0219tinii ortodoc\u0219i \u00eel pomenesc pe Sf\u00e2ntul Sl\u0103vitul Prooroc Ilie Tesviteanul<\/em><\/strong><strong><em> \u2013 v\u0103z\u0103torul cel sl\u0103vit \u015fi \u00eenv\u0103\u0163\u0103torul poporului celui dep\u0103rtat de la Dumnezeu.<\/em><\/strong><\/p>\n<p>Sf\u00e2ntul Ilie era fiul lui Sovac, din semin\u0163ia lui Aaron \u015fi este considerat cel mai mare \u00eentre prooroci, mustr\u0103tor al \u00eemp\u0103ra\u0163ilor celor f\u0103r\u0103delege \u015fi pedepsitor al proorocilor mincino\u015fi, f\u0103c\u0103tor de minuni \u015fi r\u00e2vnitor c\u0103tre Dumnezeu, cel c\u0103ruia stihiile s-au supus \u015fi cerul i-a dat ascultare.<\/p>\n<p>S-a n\u0103scut \u00een Galaad, \u00een jurul anului 904 \u00ee.Hr., de cealalt\u0103 parte a Iordanului, care se \u00eenvecineaz\u0103 cu Arabia \u015fi cu cetatea Tesvi. De la numele acestei localit\u0103\u0163i se trage \u015fi numele s\u0103u, Ilie Tesviteanul. A tr\u0103it pe vremea lui Ahab, regele al Regatului Israel, ce avea re\u015fedin\u0163a \u00een \u0163inutul Samariei.<\/p>\n<p>Regele Ahab s-a c\u0103s\u0103torit cu Isabela, o prin\u0163es\u0103 fenician\u0103 din Sidon, care se \u00eenchina zeului Baal. Ahab, pre\u0163uind frumuse\u0163ea femeii mai mult dec\u00e2t credin\u0163a \u00een Dumnezeul p\u0103rin\u0163ilor s\u0103i, \u015fi-a obligat poporul s\u0103 se \u00eenchine zeului Baal, \u00eencuraj\u00e2nd \u00een acest fel idolatria.<\/p>\n<p>Toate aceste fapte au atras m\u00e2nia lui Dumnezeu, iar Sf\u00e2ntul Prooroc Ilie a primit misiunea de a-l mustra pe rege \u015fi de a \u00eentoarce de la \u00eenchinarea la zei poporul care se t\u0103v\u0103lea \u00een necur\u0103\u0163ie \u015fi aducea pe fiii s\u0103i jertf\u0103 diavolilor (zeului Moloh, zeul fericirii, \u00eei erau aduse drept jertfe copii, sacrifica\u0163i prin ardere).<\/p>\n<p>Cert\u00e2ndu-l pe Ahab, Sf\u00e2ntul Ilie \u00eei spune: <em>\u201eViu este Domnul Dumnezeul lui Israel, \u00eenaintea C\u0103ruia slujesc eu; \u00een ace\u015fti ani nu va fi nici rou\u0103, nici ploaie dec\u00e2t numai c\u00e2nd voi zice eu!\u201d <\/em>(3 Rg 17;1). Sf\u00e2ntul Ilie s-a retras pe malul r\u00e2ului Cherit. Iar \u00een urma lui, seceta \u015fi foametea a cuprins toat\u0103 \u0163ara.<\/p>\n<p>Atunci s-a \u00eemplinit cuv\u00e2ntul lui Moise c\u0103tre iudei: <em>\u201eCerurile tale, care sunt deasupra capului t\u0103u, s\u0103 se fac\u0103 aram\u0103 \u015fi p\u0103m\u00e2ntul de sub tine fier\u201d<\/em> (Deuteronomul, 28 \u2013 23). C\u0103ci Dumnezeul l-a ascultat pe Sf\u00e2ntul Ilie.<\/p>\n<p>Dup\u0103 trei ani \u015fi jum\u0103tate, dovedindu-se c\u0103 numai credin\u0163a \u00een Dumnezeul lui Ilie este cea adev\u0103rat\u0103, poporul israelit \u015fi-a recunoscut gre\u015feala de a se fi \u00eenchinat zeului Baal, strig\u00e2nd: \u201eDumnezeul lui Ilie este Dumnezeul cel adev\u0103rat\u201d.<\/p>\n<p>\u201eP\u00e2n\u0103 c\u00e2nd ve\u0163i \u015fchiop\u0103ta voi de am\u00e2ndou\u0103 gleznele voastre?\u201d, \u00eentreba Sf\u00e2ntul Ilie mul\u0163imile adunate pe Muntele Carmelului: \u201eDac\u0103 Dumnezeu, Care v-a scos pe voi din p\u0103m\u00e2ntul Egiptului, este Dumnezeu, apoi pentru ce nu merge\u0163i \u00een urma Lui? Iar dac\u0103 Baal este zeul vostru, apoi merge\u0163i dup\u0103 el\u201d, le spune israeli\u0163ilor, mustra\u0163i de con\u015ftiin\u0163\u0103 pentru r\u0103t\u0103cirea lor.<\/p>\n<p>Rug\u00e2ndu-se atunci Ilie, o ploaie a r\u0103corit p\u0103m\u00e2ntul \u015fi foametea a \u00eencetat.<\/p>\n<p>Sf\u00e2ntului Prooroc Ilie nu i-a fost dat\u0103 moartea, fiind ridicat la cer \u00eentr-un car de foc. \u015ei potrivit Tradi\u0163iei Bisericii, el este viu \u00een trup, aflat \u00een grija lui Dumnezeu \u00een loca\u015furile cere\u015fti.<\/p>\n<p>Sf\u00e2ntul Ilie a fost v\u0103zut de cei trei Sfin\u0163i Apostoli, Petru, Ioan \u015fi Iacob, pe Muntele Taborului, \u00een vreme Schimb\u0103rii la Fa\u0163\u0103 a M\u00e2ntuitorului Hristos, \u015fi va fi v\u0103zut din nou de oameni \u00eenaintea celei de a doua veniri a lui Iisus Hristos.<\/p>\n<p><em>Nimice\u0219te prin rug\u0103ciunile tale, pream\u0103rite \u0219i preaminunate proorocule al lui Dumnezeu, Ilie, n\u0103ravurile cele rele ale lumii, ce \u00eentineaz\u0103 neamul cre\u0219tinesc prin necinstirea credin\u021bei dreptsl\u0103vitoare, fa\u021b\u0103 de r\u00e2nduielile Sfintei Biserici, a poruncilor Domnului, prin necinstirea p\u0103rin\u021bilor \u0219i a st\u0103p\u00e2nitorilor ce ne st\u0103p\u00e2nesc, arunc\u00e2nd astfel lumea \u00een bezna necinstei, a desfr\u00e2ului \u0219i a pierzaniei.<\/em><\/p>\n<p style=\"text-align: right;\"><em>Sursa: <a href=\"https:\/\/www.rador.ro\/2023\/07\/20\/documentar-sfantul-si-slavitul-proroc-ilie-tesviteanul\/\"><strong>Agen\u021bia de pres\u0103 Rador<\/strong><\/a><\/em><\/p>\n<p><strong>La aceia\u0219i tem\u0103:<\/strong> <a href=\"https:\/\/traditia.md\/ro\/biserica-sfantul-ilie-din-chisinau-locasul-care-ne-a-ramas-doar-in-memorie\/\">Biserica \u201eSf\u00e2ntul Ilie\u201d din Chi\u0219in\u0103u \u2013 loca\u0219ul care ne-a r\u0103mas doar \u00een memorie\u00a0<\/a><\/p>\n","protected":false},"excerpt":{"rendered":"<p>La 2 august cre\u0219tinii ortodoc\u0219i \u00eel pomenesc pe Sf\u00e2ntul Sl\u0103vitul Prooroc Ilie Tesviteanul \u2013 v\u0103z\u0103torul cel sl\u0103vit \u015fi \u00eenv\u0103\u0163\u0103torul poporului celui dep\u0103rtat&hellip;<\/p>\n","protected":false},"author":3,"featured_media":16719,"comment_status":"open","ping_status":"closed","sticky":false,"template":"","format":"standard","meta":{"_lmt_disableupdate":"","_lmt_disable":"","slim_seo":{"title":"Nimice\u0219te prin rug\u0103ciunile tale, pream\u0103rite prorocule al lui Dumnezeu, Ilie, n\u0103ravurile cele rele ale lumii - traditia.md","description":"La 2 august cre\u0219tinii ortodoc\u0219i \u00eel pomenesc pe Sf\u00e2ntul Sl\u0103vitul Prooroc Ilie Tesviteanul \u2013 v\u0103z\u0103torul cel sl\u0103vit \u015fi \u00eenv\u0103\u0163\u0103torul poporului celui dep\u0103rtat de la Du"},"footnotes":""},"categories":[40,38],"tags":[],"class_list":["post-16716","post","type-post","status-publish","format-standard","has-post-thumbnail","hentry","category-apararea-credintei","category-stiri"],"_links":{"self":[{"href":"https:\/\/traditia.md\/ro\/wp-json\/wp\/v2\/posts\/16716","targetHints":{"allow":["GET"]}}],"collection":[{"href":"https:\/\/traditia.md\/ro\/wp-json\/wp\/v2\/posts"}],"about":[{"href":"https:\/\/traditia.md\/ro\/wp-json\/wp\/v2\/types\/post"}],"author":[{"embeddable":true,"href":"https:\/\/traditia.md\/ro\/wp-json\/wp\/v2\/users\/3"}],"replies":[{"embeddable":true,"href":"https:\/\/traditia.md\/ro\/wp-json\/wp\/v2\/comments?post=16716"}],"version-history":[{"count":0,"href":"https:\/\/traditia.md\/ro\/wp-json\/wp\/v2\/posts\/16716\/revisions"}],"wp:featuredmedia":[{"embeddable":true,"href":"https:\/\/traditia.md\/ro\/wp-json\/wp\/v2\/media\/16719"}],"wp:attachment":[{"href":"https:\/\/traditia.md\/ro\/wp-json\/wp\/v2\/media?parent=16716"}],"wp:term":[{"taxonomy":"category","embeddable":true,"href":"https:\/\/traditia.md\/ro\/wp-json\/wp\/v2\/categories?post=16716"},{"taxonomy":"post_tag","embeddable":true,"href":"https:\/\/traditia.md\/ro\/wp-json\/wp\/v2\/tags?post=16716"}],"curies":[{"name":"wp","href":"https:\/\/api.w.org\/{rel}","templated":true}]}}