{"id":16419,"date":"2023-07-23T13:33:51","date_gmt":"2023-07-23T10:33:51","guid":{"rendered":"https:\/\/traditia.md\/?p=16419"},"modified":"2023-07-23T13:34:52","modified_gmt":"2023-07-23T10:34:52","slug":"dupa-credinta-voastra-fie-voua","status":"publish","type":"post","link":"https:\/\/traditia.md\/ro\/dupa-credinta-voastra-fie-voua\/","title":{"rendered":"Dup\u0103 credin\u0163a voastr\u0103, fie vou\u0103"},"content":{"rendered":"<p><strong><em>Ast\u0103zi, \u00een Duminica a VII-a dup\u0103 Cincizecime, la Dumnezeiasca Liturghie s-a citit pericopa din Evanghelia dup\u0103 Matei (9:27:31) despre vindecarea de c\u0103tre Domnul notru Iisus Hristos a celor doi orbi.<\/em><\/strong><\/p>\n<p><em>Plec\u00e2nd Iisus de acolo, doi orbi se \u0163ineau dup\u0103 El strig\u00e2nd \u015fi zic\u00e2nd: Miluie\u015fte-ne pe noi, Fiule al lui David.<br \/>\nDup\u0103 ce a intrat \u00een cas\u0103, au venit la El orbii \u015fi Iisus i-a \u00eentrebat: Crede\u0163i c\u0103 pot s\u0103 fac Eu aceasta? Zis-au Lui: Da, Doamne!<br \/>\nAtunci S-a atins de ochii lor, zic\u00e2nd: Dup\u0103 credin\u0163a voastr\u0103, fie vou\u0103!<br \/>\n\u015ei s-au deschis ochii lor. Iar Iisus le-a poruncit cu asprime, zic\u00e2nd: Vede\u0163i, nimeni s\u0103 nu \u015ftie.<br \/>\nIar ei, ie\u015find, L-au vestit \u00een tot \u0163inutul acela.<\/em><\/p>\n<p><strong>T\u00e2lcuirea Sf\u00e2ntului Ierarh Teofan Z\u0103vor\u00e2tul:<\/strong><\/p>\n<p><em>\u201eDup\u0103 credin\u0163a<\/em> <em>voastr\u0103<\/em><em>,<\/em><em> fie vou\u0103!<\/em><em>\u201d<\/em>, le-a spus Domnul celor doi orbi, \u015fi \u00eendat\u0103 s-au deschis ochii lor. Dup\u0103 m\u0103sura credin\u0163ei omului este \u015fi cercetarea lui de c\u0103tre puterea lui Dumnezeu. Prin credin\u0163\u0103 se prime\u015fte, trece \u015fi \u00een ea se s\u0103l\u0103\u015fluie\u015fte harul. A\u015fa cum pl\u0103m\u00e2nii unuia sunt mai mari, iar ai altuia sunt mai mici, \u015fi primii primesc mai mult aer dec\u00e2t cei din urm\u0103, tot a\u015fa \u015fi credin\u0163a unuia e mai mare, iar a altuia e mai mic\u0103, \u015fi prima prime\u015fte mai multe daruri de la Domnul, iar cealalt\u0103 mai pu\u0163ine.<\/p>\n<p>Dumnezeu este pretutindeni, cuprinde \u015fi \u0163ine toate \u015fi Se s\u0103l\u0103\u015fluie\u015fte cu pl\u0103cere \u00een sufletele omene\u015fti; dar intr\u0103 \u00een ele nu cu sila, de\u015fi este Atotputernic, ci chem\u00e2ndu-le, c\u0103ci nu voie\u015fte s\u0103 strice st\u0103p\u00e2nirea pe care i-a dat-o omului asupra voin\u0163ei sale. Pe cel ce se deschide prin credin\u0163\u0103 \u00eel umple Dumnezeu cu daruri peste m\u0103sur\u0103; \u00een cel care se z\u0103vor\u0103\u015fte prin necredin\u0163\u0103 nu intr\u0103 chiar de ar fi aproape.<\/p>\n<p>Doamne! Adaug\u0103-ne credin\u0163\u0103, fiindc\u0103 \u015fi credin\u0163a tot darul T\u0103u este. Fiecare din noi \u00eens\u0103 se cade s\u0103 m\u0103rturiseasc\u0103: <em>\u201eIar eu s\u0103rac sunt \u015fi s\u0103rman<\/em><em>\u201d<\/em> (Ps. 69:6).<\/p>\n<p style=\"text-align: right;\"><strong><em>Sf\u00e2ntul Teofan Z\u0103vor\u00e2tul. T\u00e2lcuiri din Sf\u00e2nta Scriptur\u0103 pentru fiecare zi din an<\/em><\/strong><\/p>\n","protected":false},"excerpt":{"rendered":"<p>Ast\u0103zi, \u00een Duminica a VII-a dup\u0103 Cincizecime, la Dumnezeiasca Liturghie s-a citit pericopa din Evanghelia dup\u0103 Matei (9:27:31) despre vindecarea de c\u0103tre&hellip;<\/p>\n","protected":false},"author":3,"featured_media":16417,"comment_status":"open","ping_status":"closed","sticky":false,"template":"","format":"standard","meta":{"_lmt_disableupdate":"","_lmt_disable":"","slim_seo":{"title":"Dup\u0103 credin\u0163a voastr\u0103, fie vou\u0103 - traditia.md","description":"Ast\u0103zi, \u00een Duminica a VII-a dup\u0103 Cincizecime, la Dumnezeiasca Liturghie s-a citit pericopa din Evanghelia dup\u0103 Matei (9:27:31) despre vindecarea de c\u0103tre Domnul"},"footnotes":""},"categories":[40,38],"tags":[],"class_list":["post-16419","post","type-post","status-publish","format-standard","has-post-thumbnail","hentry","category-apararea-credintei","category-stiri"],"_links":{"self":[{"href":"https:\/\/traditia.md\/ro\/wp-json\/wp\/v2\/posts\/16419","targetHints":{"allow":["GET"]}}],"collection":[{"href":"https:\/\/traditia.md\/ro\/wp-json\/wp\/v2\/posts"}],"about":[{"href":"https:\/\/traditia.md\/ro\/wp-json\/wp\/v2\/types\/post"}],"author":[{"embeddable":true,"href":"https:\/\/traditia.md\/ro\/wp-json\/wp\/v2\/users\/3"}],"replies":[{"embeddable":true,"href":"https:\/\/traditia.md\/ro\/wp-json\/wp\/v2\/comments?post=16419"}],"version-history":[{"count":0,"href":"https:\/\/traditia.md\/ro\/wp-json\/wp\/v2\/posts\/16419\/revisions"}],"wp:featuredmedia":[{"embeddable":true,"href":"https:\/\/traditia.md\/ro\/wp-json\/wp\/v2\/media\/16417"}],"wp:attachment":[{"href":"https:\/\/traditia.md\/ro\/wp-json\/wp\/v2\/media?parent=16419"}],"wp:term":[{"taxonomy":"category","embeddable":true,"href":"https:\/\/traditia.md\/ro\/wp-json\/wp\/v2\/categories?post=16419"},{"taxonomy":"post_tag","embeddable":true,"href":"https:\/\/traditia.md\/ro\/wp-json\/wp\/v2\/tags?post=16419"}],"curies":[{"name":"wp","href":"https:\/\/api.w.org\/{rel}","templated":true}]}}