{"id":16061,"date":"2023-07-14T10:55:45","date_gmt":"2023-07-14T07:55:45","guid":{"rendered":"https:\/\/traditia.md\/?p=16061"},"modified":"2023-07-14T10:56:49","modified_gmt":"2023-07-14T07:56:49","slug":"teolog-german-kievul-trebuie-sa-recunoasca-principiul-libertatii-religioase","status":"publish","type":"post","link":"https:\/\/traditia.md\/ro\/teolog-german-kievul-trebuie-sa-recunoasca-principiul-libertatii-religioase\/","title":{"rendered":"Teolog german: Kievul trebuie s\u0103 recunoasc\u0103 principiul libert\u0103\u021bii religioase"},"content":{"rendered":"<p><strong><em>Cunoscutul teolog catolic Thomas Bremer a subliniat c\u0103<\/em><\/strong><strong><em> principiul<\/em><\/strong><strong><em> libert<\/em><\/strong><strong><em>\u0103\u021bii<\/em><\/strong><strong><em> religioas<\/em><\/strong><strong><em>e presupune<\/em><\/strong><strong><em> neamestecul statului \u00een treburile biseric<\/em><\/strong><strong><em>e\u0219ti<\/em><\/strong><strong><em>.<\/em><\/strong><\/p>\n<p>Dac\u0103 Ucraina vrea s\u0103 se apropie de Europa, atunci oficialit\u0103\u021bile de la Kiev trebuie s\u0103 recunoasc\u0103 principiile legate de drepturile omului \u0219i libertatea religioas\u0103. Acest lucru a fost declarat \u00eentr-un comentariu pentru dw.com de c\u0103tre cunoscutul teolog catolic, profesorul Thomas Bremer, care a predat timp de decenii la Universitatea din M\u00fcnster.<\/p>\n<p>\u201eConform percep\u021biilor noastre occidentale, libertatea religiei \u00eenseamn\u0103 c\u0103 statul nu se amestec\u0103 \u00een treburile interne ale bisericilor\u201d, a men\u021bionat teologul.<\/p>\n<p>Potrivit acestuia, ac\u021biunile autorit\u0103\u021bilor ucrainene \u00eempotriva Bisericii Ortodoxe din Ucraina sunt \u201epe punctul de a \u00eenc\u0103lca principiul libert\u0103\u021bii religioase\u201d.<\/p>\n<p>Dup\u0103 cum a scris anterior Uniunea Jurnali\u0219tilor Ortodoc\u0219i, la \u00eenceputul anului 2023 ziarul german \u201eFrankfurter Allgemeine Zeitung\u201d a publicat un articol semnat de Thomas Bremer \u0219i colega sa, Regina Elsner, av\u00e2nd titlul \u201eIntoleran\u021b\u0103 religioas\u0103 \u00een Ucraina?\u201d. Autorii au relatat despre persecu\u021bia Bisericii Ortodoxe din Ucraina \u0219i au afirmat c\u0103 politica religioas\u0103 a autorit\u0103\u021bilor ucrainene \u201etrebuie corectat\u0103 de urgen\u021b\u0103\u201d.<\/p>\n<p style=\"text-align: right;\"><em>Sursa<\/em><em>:<\/em> <a href=\"https:\/\/spzh.news\/ru\/news\/74770-nemetskij-bohoslov-kiev-dolzhen-priznat-printsip-svobody-veroispovedanija\"><strong><em>Uniunea Jurnali\u0219tilor Ortodoc\u0219i<\/em><\/strong><\/a><\/p>\n","protected":false},"excerpt":{"rendered":"<p>Cunoscutul teolog catolic Thomas Bremer a subliniat c\u0103 principiul libert\u0103\u021bii religioase presupune neamestecul statului \u00een treburile biserice\u0219ti. Dac\u0103 Ucraina vrea s\u0103 se&hellip;<\/p>\n","protected":false},"author":3,"featured_media":16059,"comment_status":"open","ping_status":"closed","sticky":false,"template":"","format":"standard","meta":{"_lmt_disableupdate":"","_lmt_disable":"","slim_seo":{"title":"Teolog german: Kievul trebuie s\u0103 recunoasc\u0103 principiul libert\u0103\u021bii religioase - traditia.md","description":"Cunoscutul teolog catolic Thomas Bremer a subliniat c\u0103 principiul libert \u0103\u021bii religioas e presupune neamestecul statului \u00een treburile biseric e\u0219ti . Dac\u0103 Ucrain"},"footnotes":""},"categories":[39,38],"tags":[],"class_list":["post-16061","post","type-post","status-publish","format-standard","has-post-thumbnail","hentry","category-biserica-si-societatea","category-stiri"],"_links":{"self":[{"href":"https:\/\/traditia.md\/ro\/wp-json\/wp\/v2\/posts\/16061","targetHints":{"allow":["GET"]}}],"collection":[{"href":"https:\/\/traditia.md\/ro\/wp-json\/wp\/v2\/posts"}],"about":[{"href":"https:\/\/traditia.md\/ro\/wp-json\/wp\/v2\/types\/post"}],"author":[{"embeddable":true,"href":"https:\/\/traditia.md\/ro\/wp-json\/wp\/v2\/users\/3"}],"replies":[{"embeddable":true,"href":"https:\/\/traditia.md\/ro\/wp-json\/wp\/v2\/comments?post=16061"}],"version-history":[{"count":0,"href":"https:\/\/traditia.md\/ro\/wp-json\/wp\/v2\/posts\/16061\/revisions"}],"wp:featuredmedia":[{"embeddable":true,"href":"https:\/\/traditia.md\/ro\/wp-json\/wp\/v2\/media\/16059"}],"wp:attachment":[{"href":"https:\/\/traditia.md\/ro\/wp-json\/wp\/v2\/media?parent=16061"}],"wp:term":[{"taxonomy":"category","embeddable":true,"href":"https:\/\/traditia.md\/ro\/wp-json\/wp\/v2\/categories?post=16061"},{"taxonomy":"post_tag","embeddable":true,"href":"https:\/\/traditia.md\/ro\/wp-json\/wp\/v2\/tags?post=16061"}],"curies":[{"name":"wp","href":"https:\/\/api.w.org\/{rel}","templated":true}]}}