{"id":15743,"date":"2023-07-06T09:14:20","date_gmt":"2023-07-06T06:14:20","guid":{"rendered":"https:\/\/traditia.md\/?p=15743"},"modified":"2023-07-06T09:15:08","modified_gmt":"2023-07-06T06:15:08","slug":"comisia-ministerului-culturii-al-ucrainei-a-spart-usile-resedintei-preafericitului-mitropolit-onufrii","status":"publish","type":"post","link":"https:\/\/traditia.md\/ro\/comisia-ministerului-culturii-al-ucrainei-a-spart-usile-resedintei-preafericitului-mitropolit-onufrii\/","title":{"rendered":"Comisia Ministerului Culturii al Ucrainei a spart u\u0219ile re\u0219edin\u021bei Preafericitului Mitropolit Onufrii"},"content":{"rendered":"<p><strong><em>\u00cen zorii zilei de 6 iulie 2023, reprezentan\u021bii Rezerva\u021biei na\u021bionale istorico-culturale Kiev-Pecersk, sub acoperirea poli\u021biei, au spart u\u0219ile blocului 70 al Lavrei Pe\u0219terelor din Kiev \u0219i au p\u0103truns \u00een\u0103untru. Despre aceast\u0103 f\u0103r\u0103delege a anun\u021bat pe canalul s\u0103u de Telegram p<\/em><\/strong><strong><em>roto<\/em><\/strong><strong><em>iereul <\/em><\/strong><strong><em>Ni<\/em><\/strong><strong><em>ch<\/em><\/strong><strong><em>ita Cekman, avocatul Lavrei.<\/em><\/strong><\/p>\n<p>\u201eReprezentan\u021bii Rezerva\u021biei, \u00eenso\u021bi\u021bi de poli\u021bie, f\u0103r\u0103 niciun temei legal au spart \u00eencuietorile \u0219i au intrat \u00een blocul 70\u201d, a scris avocatul.<\/p>\n<p>Blocul nr. 70 este re\u0219edin\u021ba din Lavr\u0103 a \u00cent\u00e2ist\u0103t\u0103torului Bisericii Ortodoxe din Ucraina Preafericitul Mitropolit Onufrii.<\/p>\n<p>\u00cencep\u00e2nd cu ora 8:00, poli\u021bia a izolat \u0219i blocul 69. Exist\u0103 motive s\u0103 credem c\u0103 u\u0219ile vor fi sparte \u0219i acolo.<\/p>\n<p>Reamintim c\u0103 \u00een leg\u0103tur\u0103 cu edificiile Lavrei de Jos sunt \u00een desf\u0103\u0219urare procedurile judiciare, f\u0103r\u0103 finalizarea c\u0103rora Ministerul Culturii nu are dreptul s\u0103 le preia sub control. La ora actual\u0103 ob\u0219tea monahal\u0103 se afl\u0103 \u00eenc\u0103 \u00een m\u0103n\u0103stire.<\/p>\n<p style=\"text-align: right;\"><em>Sursa<\/em><em>: <\/em><a href=\"https:\/\/spzh.news\/ru\/news\/74676\"><strong><em>Uniunea Jurnali\u0219tilor Ortodoc\u0219i<\/em><\/strong><\/a><\/p>\n","protected":false},"excerpt":{"rendered":"<p>\u00cen zorii zilei de 6 iulie 2023, reprezentan\u021bii Rezerva\u021biei na\u021bionale istorico-culturale Kiev-Pecersk, sub acoperirea poli\u021biei, au spart u\u0219ile blocului 70 al Lavrei&hellip;<\/p>\n","protected":false},"author":3,"featured_media":15741,"comment_status":"open","ping_status":"closed","sticky":false,"template":"","format":"standard","meta":{"_lmt_disableupdate":"","_lmt_disable":"","slim_seo":{"title":"Comisia Ministerului Culturii al Ucrainei a spart u\u0219ile re\u0219edin\u021bei Preafericitului Mitropolit Onufrii - traditia.md","description":"\u00cen zorii zilei de 6 iulie 2023, reprezentan\u021bii Rezerva\u021biei na\u021bionale istorico-culturale Kiev-Pecersk, sub acoperirea poli\u021biei, au spart u\u0219ile blocului 70 al Lav"},"footnotes":""},"categories":[39,38],"tags":[],"class_list":["post-15743","post","type-post","status-publish","format-standard","has-post-thumbnail","hentry","category-biserica-si-societatea","category-stiri"],"_links":{"self":[{"href":"https:\/\/traditia.md\/ro\/wp-json\/wp\/v2\/posts\/15743","targetHints":{"allow":["GET"]}}],"collection":[{"href":"https:\/\/traditia.md\/ro\/wp-json\/wp\/v2\/posts"}],"about":[{"href":"https:\/\/traditia.md\/ro\/wp-json\/wp\/v2\/types\/post"}],"author":[{"embeddable":true,"href":"https:\/\/traditia.md\/ro\/wp-json\/wp\/v2\/users\/3"}],"replies":[{"embeddable":true,"href":"https:\/\/traditia.md\/ro\/wp-json\/wp\/v2\/comments?post=15743"}],"version-history":[{"count":0,"href":"https:\/\/traditia.md\/ro\/wp-json\/wp\/v2\/posts\/15743\/revisions"}],"wp:featuredmedia":[{"embeddable":true,"href":"https:\/\/traditia.md\/ro\/wp-json\/wp\/v2\/media\/15741"}],"wp:attachment":[{"href":"https:\/\/traditia.md\/ro\/wp-json\/wp\/v2\/media?parent=15743"}],"wp:term":[{"taxonomy":"category","embeddable":true,"href":"https:\/\/traditia.md\/ro\/wp-json\/wp\/v2\/categories?post=15743"},{"taxonomy":"post_tag","embeddable":true,"href":"https:\/\/traditia.md\/ro\/wp-json\/wp\/v2\/tags?post=15743"}],"curies":[{"name":"wp","href":"https:\/\/api.w.org\/{rel}","templated":true}]}}