{"id":15638,"date":"2023-07-04T09:13:03","date_gmt":"2023-07-04T06:13:03","guid":{"rendered":"https:\/\/traditia.md\/?p=15638"},"modified":"2023-07-04T09:13:55","modified_gmt":"2023-07-04T06:13:55","slug":"de-ce-aprindem-in-biserica-lumanari","status":"publish","type":"post","link":"https:\/\/traditia.md\/ro\/de-ce-aprindem-in-biserica-lumanari\/","title":{"rendered":"De ce aprindem \u00een biseric\u0103 lum\u00e2n\u0103ri?"},"content":{"rendered":"<p><strong><em>R\u0103spunde preotul \u0218tefan R\u00eembu:<\/em><\/strong><\/p>\n<p><strong>Folosirea unei lum\u00e2n\u0103ri, arat\u0103 \u0219i ea m\u0103sura credin\u021bei noastre \u0219i dragostea noastr\u0103 pentru Dumnezeu.<\/strong><\/p>\n<p>Lum\u00e2n\u0103rile trebuie s\u0103 fie din cear\u0103 curat\u0103 de albine. \u0218i asta nu \u00eent\u00e2mpl\u0103tor, deoarece albina r\u0103m\u00e2ne pururea fecioar\u0103, iar ceara produsa de ea, ca \u0219i mierea de alt fel, constituie astfel materia cea mai curata, cea mai pur\u0103. \u00cen felul acesta aducem lui Dumnezeu ofrand\u0103 curat\u0103, neatins\u0103 de umbra vreunei patimi. Timpurile grele prin care am trecut ne-au determinat \u0219i a intrat deja \u00eentr-o obi\u0219nuin\u021b\u0103, s\u0103 facem lum\u00e2n\u0103ri nu numai din ceara curata, ci \u0219i din alte materiale, precum parafina. Acum putem reveni la lum\u00e2n\u0103rile din ceara curata de albine, pentru ca darul nostru adus lui Dumnezeu s\u0103 fie nu neap\u0103rat scump, ci el trebuie s\u0103 fie \u00eens\u0103 de cea mai bun\u0103 calitate.<\/p>\n<p>A\u0219a cum pe prietenii no\u0219tri nu-i vom cuceri cu mul\u021bimea darurilor de calitate proast\u0103, ci cu calitatea darului, tot a\u0219a, darul fa\u021b\u0103 de Dumnezeu, nu poate fi dec\u00e2t din ce avem noi mai bun, mai curat, mai frumos. Numai v\u0103z\u00e2nd c\u00e2t de frumos arde o lum\u00e2nare din cear\u0103 curat\u0103, c\u00e2t de lini\u0219tit \u0219i curat, vom \u00een\u021belege diferen\u021ba \u0219i vom aprecia calitatea acesteia. R\u00e2vna \u0219i aten\u021bia ce o avem la procurarea \u0219i folosirea unei lum\u00e2n\u0103ri, arat\u0103 \u0219i ea m\u0103sura credin\u021bei noastre \u0219i dragostea noastr\u0103 pentru Dumnezeu.<\/p>\n<p>Despre lum\u00e2nare se vorbe\u0219te \u0219i \u00een <strong>Sf\u00e2nta Scriptur\u0103<\/strong>. Vom reda doar c\u00e2teva m\u0103rturii \u00een aceast\u0103 privin\u021b\u0103.<\/p>\n<p><strong>Psalmistul David<\/strong> zice: <em>\u201eF\u0103clie picioarelor mele este legea Ta \u0219i lumina c\u0103r\u0103rilor mele.\u201d<\/em> (Psalmii 98:105).<\/p>\n<p>\u00cen <strong>Vechiul Testament<\/strong> este indicat\u0103 folosirea lum\u00e2n\u0103rilor cu ocazia riturilor mortuare, \u00eentruc\u00e2t \u00een concep\u021bia iudaic\u0103 luminile \u0219i fl\u0103c\u0103rile simbolizeaz\u0103 sufletul, <em>c\u0103ci \u201esuflarea omului este o lumin\u0103 a Domnului\u201d<\/em> (Pilde 20:27). La moartea cuiva, timp de \u0219ase zile, se aprind lum\u00e2n\u0103ri dup\u0103 un anumit ritual.<\/p>\n<p>\u00cen timpul <strong>Macabeilor<\/strong>, evreii aprindeau lum\u00e2n\u0103ri pentru cei ce au c\u0103zut \u00een lupt\u0103: <em>\u201e\u0218i au dat foc por\u021bilor, \u0219i au v\u0103rsat s\u00e2nge nevinovat \u0219i ne-am rugat Domnului, \u0219i ne-a ascultat \u0219i am adus jertf\u0103 \u0219i f\u0103in\u0103 de gr\u00e2u, \u0219i am aprins lumini \u0219i am pus p\u00e2ini \u00eenainte.\u201d<\/em> (II Macabei 1:8).<\/p>\n<p>Folosirea lum\u00e2n\u0103rilor \u00een cult este exprimat\u0103 \u0219i \u00een <strong>prima carte a Macabeilor<\/strong>: \u201e\u0218i au t\u0103m\u00e2iat pe jertfelnic \u0219i au aprins lum\u00e2n\u0103rile cele de pe sfe\u0219nic \u0219i luminau \u00een templul Domnului.\u201d (I Macabei 4:50).<\/p>\n<p>Folosirea lum\u00e2n\u0103rilor \u00een cult reiese \u0219i <strong>din canonul 71 Apostolic<\/strong>: <em>\u201eDac\u0103 vreun cleric sau laic ar fura din Sf\u00e2nta Biseric\u0103 cear\u0103 sau untdelemn, s\u0103 se afuriseasc\u0103 \u0219i s\u0103 \u00eentoarc\u0103 \u00eencincit \u00eempreun\u0103 cu ceea ce a luat\u201d<\/em>.<\/p>\n<p>Vedem a\u0219adar, din cele expuse foarte succint, at\u00e2t din Sf\u00e2nta Scriptur\u0103, c\u00e2t \u0219i din canoane sau din \u00eenv\u0103\u021b\u0103turile Sfin\u021bilor P\u0103rin\u021bi, necesitatea de a folosi \u00een cult, dar \u0219i \u00een practica personal\u0103 de rug\u0103ciune, care este un modest mijloc, dar sigur \u00een acela\u0219i timp, care ne apropie de Dumnezeu.<\/p>\n<p style=\"text-align: right;\"><em>Sursa: <a href=\"https:\/\/episcopia-ungheni.md\/ro\/cuvinte-duhovnicesti\/folosirea-unei-lumanari-arata-si-ea-masura-credintei-noastre-si-dragostea-noastra-pentru-dumnezeu\/?fbclid=IwAR3qBN166Ty5pCVNPZoLy17CL1tK2dBX0tqjntCE3TwEwM0d5ezFJPkGcKI\"><strong>Episcopia de Ungheni \u0219i Nisporeni<\/strong><\/a><\/em><\/p>\n","protected":false},"excerpt":{"rendered":"<p>R\u0103spunde preotul \u0218tefan R\u00eembu: Folosirea unei lum\u00e2n\u0103ri, arat\u0103 \u0219i ea m\u0103sura credin\u021bei noastre \u0219i dragostea noastr\u0103 pentru Dumnezeu. Lum\u00e2n\u0103rile trebuie s\u0103 fie&hellip;<\/p>\n","protected":false},"author":3,"featured_media":15636,"comment_status":"open","ping_status":"closed","sticky":false,"template":"","format":"standard","meta":{"_lmt_disableupdate":"","_lmt_disable":"","slim_seo":{"title":"De ce aprindem \u00een biseric\u0103 lum\u00e2n\u0103ri? - traditia.md","description":"R\u0103spunde preotul \u0218tefan R\u00eembu: Folosirea unei lum\u00e2n\u0103ri, arat\u0103 \u0219i ea m\u0103sura credin\u021bei noastre \u0219i dragostea noastr\u0103 pentru Dumnezeu. Lum\u00e2n\u0103rile trebuie s\u0103 fie din"},"footnotes":""},"categories":[42,38],"tags":[],"class_list":["post-15638","post","type-post","status-publish","format-standard","has-post-thumbnail","hentry","category-intreaba-preotul","category-stiri"],"_links":{"self":[{"href":"https:\/\/traditia.md\/ro\/wp-json\/wp\/v2\/posts\/15638","targetHints":{"allow":["GET"]}}],"collection":[{"href":"https:\/\/traditia.md\/ro\/wp-json\/wp\/v2\/posts"}],"about":[{"href":"https:\/\/traditia.md\/ro\/wp-json\/wp\/v2\/types\/post"}],"author":[{"embeddable":true,"href":"https:\/\/traditia.md\/ro\/wp-json\/wp\/v2\/users\/3"}],"replies":[{"embeddable":true,"href":"https:\/\/traditia.md\/ro\/wp-json\/wp\/v2\/comments?post=15638"}],"version-history":[{"count":0,"href":"https:\/\/traditia.md\/ro\/wp-json\/wp\/v2\/posts\/15638\/revisions"}],"wp:featuredmedia":[{"embeddable":true,"href":"https:\/\/traditia.md\/ro\/wp-json\/wp\/v2\/media\/15636"}],"wp:attachment":[{"href":"https:\/\/traditia.md\/ro\/wp-json\/wp\/v2\/media?parent=15638"}],"wp:term":[{"taxonomy":"category","embeddable":true,"href":"https:\/\/traditia.md\/ro\/wp-json\/wp\/v2\/categories?post=15638"},{"taxonomy":"post_tag","embeddable":true,"href":"https:\/\/traditia.md\/ro\/wp-json\/wp\/v2\/tags?post=15638"}],"curies":[{"name":"wp","href":"https:\/\/api.w.org\/{rel}","templated":true}]}}