{"id":15548,"date":"2023-07-02T12:54:43","date_gmt":"2023-07-02T09:54:43","guid":{"rendered":"https:\/\/traditia.md\/?p=15548"},"modified":"2023-07-02T12:55:46","modified_gmt":"2023-07-02T09:55:46","slug":"evanghelia-zilei-vindecarea-slugii-sutasului","status":"publish","type":"post","link":"https:\/\/traditia.md\/ro\/evanghelia-zilei-vindecarea-slugii-sutasului\/","title":{"rendered":"Evanghelia zilei: vindecarea slugii suta\u0219ului"},"content":{"rendered":"<p><strong><em>Ast\u0103zi, \u00een Duminica a IV-a dup\u0103 Cincizecime, la Dumnezeiasca Liturghie s-a citit Evanghelia dup\u0103 Matei, capitolul 8, versetele 5-13:<\/em><\/strong><\/p>\n<p><em>Pe c\u00e2nd intra \u00een Capernaum, s-a apropiat de El un suta\u015f, rug\u00e2ndu-L,<br \/>\n\u015ei zic\u00e2nd: Doamne, sluga mea zace \u00een cas\u0103, sl\u0103b\u0103nog, chinuindu-se cumplit.<br \/>\n\u015ei i-a zis Iisus: Venind, \u00eel voi vindeca.<br \/>\nDar suta\u015ful, r\u0103spunz\u00e2nd, I-a zis: Doamne, nu sunt vrednic s\u0103 intri sub acoperi\u015ful meu, ci numai zi cu cuv\u00e2ntul \u015fi se va vindeca sluga mea.<br \/>\nC\u0103 \u015fi eu sunt om sub st\u0103p\u00e2nirea altora \u015fi am sub mine osta\u015fi \u015fi-i spun acestuia: Du-te, \u015fi se duce; \u015fi celuilalt: Vino, \u015fi vine; \u015fi slugii mele: F\u0103 aceasta, \u015fi face.<br \/>\nAuzind, Iisus S-a minunat \u015fi a zis celor ce veneau dup\u0103 El: Adev\u0103rat gr\u0103iesc vou\u0103: la nimeni, \u00een Israel, n-am g\u0103sit at\u00e2ta credin\u0163\u0103.<br \/>\n\u015ei zic vou\u0103 c\u0103 mul\u0163i de la r\u0103s\u0103rit \u015fi de la apus vor veni \u015fi vor sta la mas\u0103 cu Avraam, cu Isaac \u015fi cu Iacov \u00een \u00eemp\u0103r\u0103\u0163ia cerurilor.<br \/>\nIar fiii \u00eemp\u0103r\u0103\u0163iei vor fi arunca\u0163i \u00een \u00eentunericul cel mai din afar\u0103; acolo va fi pl\u00e2ngerea \u015fi scr\u00e2\u015fnirea din\u0163ilor.<br \/>\n\u015ei a zis Iisus suta\u015fului: Du-te, fie \u0163ie dup\u0103 cum ai crezut. \u015ei s-a \u00eens\u0103n\u0103to\u015fit sluga lui \u00een ceasul acela.<\/em><\/p>\n<p><strong>T\u00e2lcuirea Sf\u00e2ntului Ierarh Teofan Z\u0103vor\u00e2tul:<\/strong><\/p>\n<p>Ce credin\u0163\u0103 avea suta\u015ful! L-a uimit chiar \u015fi pe Domnul. Ea st\u0103 \u00een aceea c\u0103 L-a m\u0103rturisit pe Domnul ca Dumnezeu al tuturor, St\u0103p\u00e2n Atotputernic al tuturor celor ce sunt; de aceea L-a \u015fi rugat: \u201eZi numai un cuv\u00e2nt \u015fi se va vindeca sluga mea. Cred c\u0103 toate sunt supuse \u0162ie \u015fi ascult\u0103 de porunca Ta\u201d.<\/p>\n<p>Aceast\u0103 credin\u0163\u0103 o cere Domnul de la to\u0163i ceilal\u0163i; aceast\u0103 credin\u0163\u0103 o cere \u015fi de la noi. Cel ce are asemenea credin\u0163\u0103 nu duce lips\u0103 de nimic \u015fi orice ar cere prime\u015fte. A\u015fa a f\u0103g\u0103duit Domnul \u00eensu\u015fi. O, de-am avea \u015fi noi m\u0103car o urm\u0103 a acestei credin\u0163e!<\/p>\n<p>Dar \u015fi aceasta e un dar, iar darul acesta trebuie cerut, \u015fi cerut cu credin\u0163\u0103. S\u0103-1 cerem, dar, cel pu\u0163in cu sim\u0163\u0103m\u00e2ntul c\u0103 avem nevoie de el; s\u0103-1 cerem cu st\u0103ruin\u0163\u0103, f\u0103r\u0103 s\u0103 cru\u0163\u0103m osteneala, ajut\u00e2ndu-1 totodat\u0103 s\u0103 se \u00eenfiripe \u00een noi, prin cuget\u0103ri potrivite \u015fi \u00een primul r\u00e2nd prin supunerea fa\u0163\u0103 de poruncile lui Dumnezeu.<\/p>\n<p style=\"text-align: right;\"><strong><em>Sf\u00e2ntul Teofan Z\u0103vor\u00e2tul. T\u00e2lcuiri din Sf\u00e2nta Scriptur\u0103 pentru fiecare zi din an<\/em><\/strong><\/p>\n","protected":false},"excerpt":{"rendered":"<p>Ast\u0103zi, \u00een Duminica a IV-a dup\u0103 Cincizecime, la Dumnezeiasca Liturghie s-a citit Evanghelia dup\u0103 Matei, capitolul 8, versetele 5-13: Pe c\u00e2nd intra&hellip;<\/p>\n","protected":false},"author":3,"featured_media":15546,"comment_status":"open","ping_status":"closed","sticky":false,"template":"","format":"standard","meta":{"_lmt_disableupdate":"","_lmt_disable":"","slim_seo":{"title":"Evanghelia zilei: vindecarea slugii suta\u0219ului - traditia.md","description":"Ast\u0103zi, \u00een Duminica a IV-a dup\u0103 Cincizecime, la Dumnezeiasca Liturghie s-a citit Evanghelia dup\u0103 Matei, capitolul 8, versetele 5-13: Pe c\u00e2nd intra \u00een Capernaum,"},"footnotes":""},"categories":[40,38],"tags":[],"class_list":["post-15548","post","type-post","status-publish","format-standard","has-post-thumbnail","hentry","category-apararea-credintei","category-stiri"],"_links":{"self":[{"href":"https:\/\/traditia.md\/ro\/wp-json\/wp\/v2\/posts\/15548","targetHints":{"allow":["GET"]}}],"collection":[{"href":"https:\/\/traditia.md\/ro\/wp-json\/wp\/v2\/posts"}],"about":[{"href":"https:\/\/traditia.md\/ro\/wp-json\/wp\/v2\/types\/post"}],"author":[{"embeddable":true,"href":"https:\/\/traditia.md\/ro\/wp-json\/wp\/v2\/users\/3"}],"replies":[{"embeddable":true,"href":"https:\/\/traditia.md\/ro\/wp-json\/wp\/v2\/comments?post=15548"}],"version-history":[{"count":0,"href":"https:\/\/traditia.md\/ro\/wp-json\/wp\/v2\/posts\/15548\/revisions"}],"wp:featuredmedia":[{"embeddable":true,"href":"https:\/\/traditia.md\/ro\/wp-json\/wp\/v2\/media\/15546"}],"wp:attachment":[{"href":"https:\/\/traditia.md\/ro\/wp-json\/wp\/v2\/media?parent=15548"}],"wp:term":[{"taxonomy":"category","embeddable":true,"href":"https:\/\/traditia.md\/ro\/wp-json\/wp\/v2\/categories?post=15548"},{"taxonomy":"post_tag","embeddable":true,"href":"https:\/\/traditia.md\/ro\/wp-json\/wp\/v2\/tags?post=15548"}],"curies":[{"name":"wp","href":"https:\/\/api.w.org\/{rel}","templated":true}]}}