{"id":15502,"date":"2023-06-30T15:58:50","date_gmt":"2023-06-30T12:58:50","guid":{"rendered":"https:\/\/traditia.md\/?p=15502"},"modified":"2023-06-30T15:59:34","modified_gmt":"2023-06-30T12:59:34","slug":"sfantul-paisie-aghioritul-sa-incetati-de-a-mai-lucra-duminicile-si-sarbatorile-ca-sa-nu-va-ajunga-nenorociri-in-viata","status":"publish","type":"post","link":"https:\/\/traditia.md\/ro\/sfantul-paisie-aghioritul-sa-incetati-de-a-mai-lucra-duminicile-si-sarbatorile-ca-sa-nu-va-ajunga-nenorociri-in-viata\/","title":{"rendered":"Sf\u00e2ntul Paisie Aghioritul: S\u0103 \u00eenceta\u021bi de a mai lucra duminicile \u015fi s\u0103rb\u0103torile, ca s\u0103 nu v\u0103 ajung\u0103 nenorociri \u00een via\u0163\u0103"},"content":{"rendered":"<p><strong><em>De obicei, \u00eenainte de Vecernia S\u0103rb\u0103torii sau a duminicii \u00eenceteaz\u0103 orice lucrare. Este mai bine s\u0103 se lucreze mai mult \u00een ziua de mai \u00eenainte de ajun, atunci c\u00e2nd se poate r\u00e2ndui aceasta, \u015fi s\u0103 nu se lucreze dup\u0103 Vecernia ajunului.<\/em><\/strong><\/p>\n<p>Altceva este s\u0103 fac\u0103 cineva \u00eentr-o s\u0103rb\u0103toare sau duminic\u0103 un lucru u\u015for, dup\u0103 amiaza, atunci c\u00e2nd este mare nevoie, dar \u015fi acesta cu mare grij\u0103. Mai demult \u015fi \u0163\u0103ranii care erau la ogoarele lor, de \u00eendat\u0103 ce auzeau clopotul de Vecernie, \u00ee\u015fi f\u0103ceau Cruce \u015fi \u00eencetau munca. La fel \u015fi femeile ce st\u0103teau acas\u0103, se sculau, \u00ee\u015fi f\u0103ceau Cruce \u015fi l\u0103sau \u00eempletitul sau orice altceva lucrau. Iar Dumnezeu \u00eei binecuv\u00e2nta. Erau s\u0103n\u0103to\u015fi \u015fi se bucurau\u2026<\/p>\n<p>Acum au desfiin\u0163at s\u0103rb\u0103torile, s-au \u00eendep\u0103rtat de Dumnezeu \u015fi de Biseric\u0103 \u015fi \u00een cele din urm\u0103 tot ce scot din munca lor dau la doctori \u015fi la spitale\u2026 Odat\u0103 a venit un tat\u0103 la Colib\u0103 \u015fi mi-a spus:<\/p>\n<p>\u201eCopilul meu se \u00eemboln\u0103ve\u015fte adesea \u015fi medicii nu pot afla ce are\u201d.<\/p>\n<p>\u201eS\u0103 \u00eencetezi s\u0103 mai lucrezi duminica \u015fi toate se vor schimba\u201d, i-am spus. \u015ei \u00eentr-adevar, n-a mai lucrat \u015fi copilul lui s-a vindecat.<\/p>\n<p>\u00centotdeauna le spun mirenilor s\u0103 \u00eenceteze de a mai lucra duminicile \u015fi s\u0103rb\u0103torile, ca s\u0103 nu-i ajung\u0103 nenorociri \u00een via\u0163\u0103. Fiecare \u00ee\u015fi poate r\u00e2ndui treburile, astfel \u00eenc\u00e2t s\u0103 nu le fac\u0103 \u00een duminici \u015fi s\u0103rb\u0103tori.<\/p>\n<p>Principalul este sensibilitatea duhovniceasc\u0103. Dac\u0103 exist\u0103 sensibilitate, se pot afla solu\u0163ii pentru toate. \u015ei chiar de s-ar p\u0103gubi pu\u0163in din pricina unor schimb\u0103ri ale treburilor lor, vor primi \u00eendoit\u0103 binecuv\u00e2ntare. Dar mul\u0163i nu \u00eenteleg aceasta. Nu merg nici la Sf\u00e2nta Liturghie.<\/p>\n<p>Sf\u00e2nta Liturghie sfin\u0163e\u015fte. Dac\u0103 cre\u015ftinul nu merge duminica la biseric\u0103, cum se va sfin\u0163i?<\/p>\n<p>Din p\u0103cate \u00eens\u0103, oamenii \u00eencet-\u00eencet merg \u00eenspre a nu mai respecta nici s\u0103rb\u0103tori, nici nimic din cele sfinte.<\/p>\n","protected":false},"excerpt":{"rendered":"<p>De obicei, \u00eenainte de Vecernia S\u0103rb\u0103torii sau a duminicii \u00eenceteaz\u0103 orice lucrare. Este mai bine s\u0103 se lucreze mai mult \u00een ziua&hellip;<\/p>\n","protected":false},"author":3,"featured_media":15500,"comment_status":"open","ping_status":"closed","sticky":false,"template":"","format":"standard","meta":{"_lmt_disableupdate":"","_lmt_disable":"","slim_seo":{"title":"Sf\u00e2ntul Paisie Aghioritul: S\u0103 \u00eenceta\u021bi de a mai lucra duminicile \u015fi s\u0103rb\u0103torile, ca s\u0103 nu v\u0103 ajung\u0103 nenorociri \u00een via\u0163\u0103 - traditia.md","description":"De obicei, \u00eenainte de Vecernia S\u0103rb\u0103torii sau a duminicii \u00eenceteaz\u0103 orice lucrare. Este mai bine s\u0103 se lucreze mai mult \u00een ziua de mai \u00eenainte de ajun, atunci c"},"footnotes":""},"categories":[39,38],"tags":[],"class_list":["post-15502","post","type-post","status-publish","format-standard","has-post-thumbnail","hentry","category-biserica-si-societatea","category-stiri"],"_links":{"self":[{"href":"https:\/\/traditia.md\/ro\/wp-json\/wp\/v2\/posts\/15502","targetHints":{"allow":["GET"]}}],"collection":[{"href":"https:\/\/traditia.md\/ro\/wp-json\/wp\/v2\/posts"}],"about":[{"href":"https:\/\/traditia.md\/ro\/wp-json\/wp\/v2\/types\/post"}],"author":[{"embeddable":true,"href":"https:\/\/traditia.md\/ro\/wp-json\/wp\/v2\/users\/3"}],"replies":[{"embeddable":true,"href":"https:\/\/traditia.md\/ro\/wp-json\/wp\/v2\/comments?post=15502"}],"version-history":[{"count":0,"href":"https:\/\/traditia.md\/ro\/wp-json\/wp\/v2\/posts\/15502\/revisions"}],"wp:featuredmedia":[{"embeddable":true,"href":"https:\/\/traditia.md\/ro\/wp-json\/wp\/v2\/media\/15500"}],"wp:attachment":[{"href":"https:\/\/traditia.md\/ro\/wp-json\/wp\/v2\/media?parent=15502"}],"wp:term":[{"taxonomy":"category","embeddable":true,"href":"https:\/\/traditia.md\/ro\/wp-json\/wp\/v2\/categories?post=15502"},{"taxonomy":"post_tag","embeddable":true,"href":"https:\/\/traditia.md\/ro\/wp-json\/wp\/v2\/tags?post=15502"}],"curies":[{"name":"wp","href":"https:\/\/api.w.org\/{rel}","templated":true}]}}