{"id":15447,"date":"2023-06-30T08:56:00","date_gmt":"2023-06-30T05:56:00","guid":{"rendered":"https:\/\/traditia.md\/?p=15447"},"modified":"2023-06-30T08:57:53","modified_gmt":"2023-06-30T05:57:53","slug":"copiii-sunt-precum-florile-fara-grija-dragoste-caldura-se-pierd-in-valtoarea-vietii","status":"publish","type":"post","link":"https:\/\/traditia.md\/ro\/copiii-sunt-precum-florile-fara-grija-dragoste-caldura-se-pierd-in-valtoarea-vietii\/","title":{"rendered":"Copiii sunt precum florile \u2013 f\u0103r\u0103 grij\u0103, dragoste, c\u0103ldur\u0103 se pierd \u00een v\u00e2ltoarea vie\u021bii"},"content":{"rendered":"<p><strong>Renata<\/strong>, cu studii \u00een coral\u0103 \u0219i filologie, \u00ee\u0219i descrie familia frumos, zic\u00e2nd: ,,C\u00e2ntul este pasiunea mea, \u00een special \u00eemi place s\u0103 c\u00e2nt piese religioase. So\u021bul meu se nume\u0219te <strong>Andrei<\/strong>, este licen\u021biat \u00een \u0219tiin\u021be economice, a absolvit facultatea de teologie. Suntem c\u0103s\u0103tori\u021bi de 11 ani. Avem 5 copii. Feti\u021bele noastre se numesc <strong>Maria<\/strong> (10 ani), <strong>Anastasia<\/strong> (8 ani), <strong>Ana<\/strong> (6 ani), <strong>Alexandra<\/strong> (3 ani), <strong>Ioana<\/strong> (3 luni).\u201d<\/p>\n<p><strong><em><img fetchpriority=\"high\" decoding=\"async\" class=\"size-full wp-image-15445 alignleft\" src=\"https:\/\/traditia.md\/wp-content\/uploads\/2023\/06\/renata-niculita.jpg\" alt=\"Renata Niculi\u021b\u0103\" width=\"219\" height=\"304\" srcset=\"https:\/\/traditia.md\/wp-content\/uploads\/2023\/06\/renata-niculita.jpg 219w, https:\/\/traditia.md\/wp-content\/uploads\/2023\/06\/renata-niculita-216x300.jpg 216w\" sizes=\"(max-width: 219px) 100vw, 219px\" \/>\u2013<\/em><\/strong><strong><em> V-a\u021bi dorit dintotdeauna o familie mare?<\/em><\/strong><\/p>\n<p>\u2013 De mic\u0103 mi-am dorit s\u0103 am o familie cu mul\u021bi copii. Mama venea dintr-o familie numeroas\u0103, noi suntem 3 fra\u021bi. Dar pot spune c\u0103 apari\u021bia fratelui meu mai mic pe lume m-a marcat cel mai mult \u0219i \u00eengrijind de el, ajut\u00e2nd-o pe mama, am sim\u021bit c\u0103 \u00eemi doresc mul\u021bi copii. Eram \u00eendr\u0103gostit\u0103, \u0219i sunt de fapt, de chipul angelic al micu\u021bilor.<\/p>\n<p><strong><em>\u2013<\/em><\/strong><strong><em> Femeile care devin pentru prima dat\u0103 mame au multe temeri \u0219i factori stresori. Ce a reprezentat pentru dumneavoastr\u0103 un mare stres \u00een cre\u0219terea copiilor, dar acum v\u0103 da\u021bi seama c\u0103 lucrurile sunt mult mai simple dec\u00e2t par?<\/em><\/strong><\/p>\n<p>\u2013 \u00centr-adev\u0103r copiii vin odat\u0103 cu multe frici \u0219i chiar tr\u0103im o perioad\u0103 \u00een care to\u021bi suntem stresa\u021bi de la orice. Din p\u0103cate \u0219i la mine a venit o fric\u0103 imens\u0103 \u0219i am sim\u021bit \u0219i depresia postnatal\u0103 \u0219i na\u0219terea a fost una traumatizant\u0103, dar nu regret nici o clip\u0103 \u0219i sunt recunosc\u0103toare lui Dumnezeu pentru minunile pe care le avem.<\/p>\n<p>Eram obosit\u0103 de al\u0103ptatul nocturn, colici, greu m\u0103 recuperam fizic \u0219i emo\u021bional dup\u0103 prima na\u0219tere, dar iat\u0103 c\u0103 la 11 luni a primei feti\u021be am aflat c\u0103 a\u0219tept o alt\u0103 minune \u0219i m-a cuprins \u0219i mai tare frica, dar m-am \u00eencrezut \u00een Domnul \u0219i am mers mai departe. Am pornit pe o cale \u0219i nu puteam s\u0103 dau \u00eenapoi. A fost greu, dar Dumnezeu ne \u00eent\u0103re\u0219te \u0219i ne d\u0103 puteri.<\/p>\n<p>La primul copil m-am sim\u021bit izolat\u0103 de lume, eram ore \u00eentregi doar eu \u0219i ea, Maria, care m-a \u00eenv\u0103\u021bat s\u0103 r\u00e2d printre lacrimi. Nu a dormit 5 s\u0103pt\u0103m\u00e2ni nop\u021bile, eram \u00eengrijorat\u0103 de ce mi se \u00eent\u00e2mpl\u0103, m\u0103 temeam s\u0103 nu \u00eemi scape ceva \u0219i s\u0103 nu p\u0103\u021beasc\u0103 ceva copilul. Dar \u00eencet am \u00eenv\u0103\u021bat s\u0103 am toat\u0103 \u00eencrederea \u00een Dumnezeu \u0219i \u00een instinctul matern pe care El l-a dezvoltat \u00een mine odat\u0103 cu na\u0219terea. Am \u00eenv\u0103\u021bat s\u0103 cer \u0219i s\u0103 primesc ajutor.<\/p>\n<p>A doua na\u0219tere a fost una \u00eemplinitoare, eram dup\u0103 o r\u0103ceal\u0103 ur\u00e2t\u0103, dar a decurs totul foarte natural \u0219i firesc, eram mai sigur\u0103 pe mine, desigur cu ajutorul Domnului. Am sim\u021bit mari binecuv\u00e2nt\u0103ri la fiecare na\u0219tere a copiilor no\u0219tri, de\u0219i au fost toate diferite. La a treia travaliul a durat 2 zile. A patra minune a venit pe lume destul de repede. A cincea am n\u0103scut-o prin cezarian\u0103, datorit\u0103 instinctului am acceptat cezariana \u0219i totul a decurs foarte bine. Avea cordonul prea scurt \u0219i riscam complica\u021bii dac\u0103 mai a\u0219teptam.<\/p>\n<p>Am \u00eenv\u0103\u021bat din toate c\u0103 indiferent de mersul lucrurilor trebuie s\u0103 avem r\u0103bdare \u0219i \u00eencredere \u00een Dumnezeu c\u0103 totul va fi bine, desigur f\u0103c\u00e2nd tot ce \u021bine de mine pentru aceasta.<\/p>\n<p>Ce este stresul? Ceea ce \u00ee\u021bi iese de sub control, ceva ce se \u00eent\u00e2mpl\u0103 nu dup\u0103 voia noastr\u0103. \u00cencerc \u0219i \u00eenc\u0103 sunt la \u00eenceput de drum, dar \u00eenv\u0103\u021b s\u0103 nu \u00eemi fac planuri, idei fixe, s\u0103 fiu mai degajat\u0103 \u0219i mai flexibil\u0103, orice s-ar \u00eent\u00e2mpla.<\/p>\n<p><strong><em>\u2013<\/em><\/strong><strong><em> Cum vi se pare c\u0103 reac\u021bioneaz\u0103 societatea fa\u021b\u0103 de mamele cu mai mul\u021bi copii?<\/em><\/strong><\/p>\n<p>\u2013 Societatea reac\u021bioneaz\u0103 diferit. Cineva se uime\u0219te, unii ne admir\u0103 curajul, al\u021bii critic\u0103. Chiar \u0219i de rude apropiate nu suntem \u00een\u021bele\u0219i, dar nu putem fi pe placul tuturor. Important s\u0103 ne sim\u021bim noi bine \u00een pielea noastr\u0103.<\/p>\n<p><strong><em>\u2013<\/em><\/strong><strong><em> Ce a\u021bi face diferit \u00een cre\u0219terea copiilor, dac\u0103 vi s-ar da o a doua \u0219ans\u0103?<\/em><\/strong><\/p>\n<p>\u2013 C\u00e2nd ai mul\u021bi copii, ai \u0219i multe \u0219anse. Ce nu reu\u0219esc la un copil s\u0103 \u00eei ofer din fa\u0219\u0103, ofer celuilalt. \u00cenve\u021bi s\u0103 fii p\u0103rinte, nu te na\u0219ti p\u0103rinte. A\u0219 dori s\u0103 fi avut mai mult\u0103 r\u0103bdare cu ele.<\/p>\n<p>Fetele mai mari fiind primele \u0219i aproape cu v\u00e2rsta simt c\u0103 ar fi avut nevoie de lini\u0219tea mea interioar\u0103, care lipsea la acel moment \u0219i respectiv le v\u0103d diferite. Recuper\u0103m, dup\u0103 puteri, posibilitate. M\u0103 bucur c\u0103 avem o rela\u021bie deschis\u0103 \u0219i ele \u00eemi spun singure ce le lipse\u0219te.<\/p>\n<p>Mul\u021bumesc Domnului \u0219i respectiv so\u021bului meu c\u0103 \u00een ace\u0219ti ani mi-a permis s\u0103 stau acas\u0103 \u0219i s\u0103 m\u0103 dedic copiilor. Nu consider ace\u0219ti ani pierdu\u021bi nici \u00eentr-un caz, copiii sunt precum florile \u2013 f\u0103r\u0103 grij\u0103, dragoste, c\u0103ldur\u0103 se pierd \u00een v\u00e2ltoarea vie\u021bii.<\/p>\n<p><strong><em>\u2013<\/em><\/strong><strong><em> Care este cartea dumneavoastr\u0103 preferat\u0103 pentru copiii?<\/em><\/strong><\/p>\n<p>\u2013 Cartea mea preferat\u0103 pentru copii este \u201eGugu\u021b\u0103\u201d de Spiridon Vangheli.<\/p>\n<p><strong><em>\u2013<\/em><\/strong><strong><em> Care este re\u021beta dumneavoastr\u0103 preferat\u0103 ca o mam\u0103 care trebuie s\u0103 hr\u0103neasc\u0103 o familie mare?<\/em><\/strong><\/p>\n<p>\u2013 Re\u021beta mea preferat\u0103 este cea preferat\u0103 de copila\u0219i, m\u0103 bucur c\u00e2nd se m\u0103n\u00e2nc\u0103 tot din farfurie \u0219i le v\u0103d z\u00e2mbetul pe buze. La moment pe primul loc sunt oladiile, sau cl\u0103tite pufoase se mai numesc. \u00cen rest prefer s\u0103 prepar ceva c\u0103rni\u021b\u0103 la cuptor cu legume, ciorbe, salate, budinc\u0103 cu br\u00e2nz\u0103, checuri, limonada de cas\u0103 \u0219i multe altele.<\/p>\n<p><strong><em>\u2013<\/em><\/strong><strong><em> Care este cel mai bun lucru pe care o mama \u00eei poate \u00eenva\u021b\u0103 pe copiii s\u0103i?<\/em><\/strong><\/p>\n<p>\u2013 Cel mai important lucru pe care \u00eel poate \u00eenv\u0103\u021ba o mam\u0103 pe copilul ei, este credin\u021ba \u00een Dumnezeu, s\u0103 \u00eel ajute s\u0103-L descopere pe Dumnezeu.<\/p>\n<p><strong><em>\u2013<\/em><\/strong><strong><em> Care este sfatul dumneavoastr\u0103 pentru femeile care au copii mici?<\/em><\/strong><\/p>\n<p>\u2013 Sfatul meu pentru femeile cu copii mici ar fi s\u0103 nu se team\u0103. Hristos des le spunea apostolilor: nu v\u0103 teme\u021bi! Acest \u00eendemn \u00eel am pentru toate mamele.<\/p>\n<p>Copiii nu r\u0103m\u00e2n mici, timpul se scurge repede \u0219i e important s\u0103 le oferim dragostea noastr\u0103, s\u0103 nu ne g\u00e2ndim mereu numai la partea material\u0103, copiii, mai ales \u00een frageda copil\u0103rie au nevoie de prezen\u021ba noastr\u0103, nu de cadouri. S\u0103 \u00eei aducem la biseric\u0103 \u0219i s\u0103 \u00eei \u00eencredin\u021b\u0103m Domnului. S\u0103 \u00eei iubim \u0219i s\u0103 \u00eei educ\u0103m pentru c\u0103 altfel pierdem leg\u0103tura sacr\u0103 dintre noi \u0219i copiii, dintre noi \u2013 Familia \u0219i Dumnezeu.<\/p>\n<p><strong><em>\u2013<\/em><\/strong><strong><em> V\u0103 mul\u021bumim pentru interviu!<\/em><\/strong><\/p>\n<p>\u2013 V\u0103 mul\u021bumesc \u0219i eu!<\/p>\n<p style=\"text-align: right;\"><strong><em>Andreea Rusanovschi<\/em><\/strong><\/p>\n<p style=\"text-align: right;\"><em>Sursa: <a href=\"https:\/\/moldovapentruviata.md\/copiii-sunt-precum-florile-fara-grija-dragoste-caldura-se-pierd-in-valtoarea-vietii-interviu-cu-renata-niculita-mama-a-cinci-copii\/\"><strong>Moldova <\/strong><\/a><\/em><strong><em>p<\/em><\/strong><strong><em>entru Via\u021b\u0103<\/em><\/strong><\/p>\n","protected":false},"excerpt":{"rendered":"<p>Renata, cu studii \u00een coral\u0103 \u0219i filologie, \u00ee\u0219i descrie familia frumos, zic\u00e2nd: ,,C\u00e2ntul este pasiunea mea, \u00een special \u00eemi place s\u0103 c\u00e2nt&hellip;<\/p>\n","protected":false},"author":3,"featured_media":15443,"comment_status":"open","ping_status":"closed","sticky":false,"template":"","format":"standard","meta":{"_lmt_disableupdate":"","_lmt_disable":"","slim_seo":{"title":"Copiii sunt precum florile \u2013 f\u0103r\u0103 grij\u0103, dragoste, c\u0103ldur\u0103 se pierd \u00een v\u00e2ltoarea vie\u021bii - traditia.md","description":"Renata , cu studii \u00een coral\u0103 \u0219i filologie, \u00ee\u0219i descrie familia frumos, zic\u00e2nd: ,,C\u00e2ntul este pasiunea mea, \u00een special \u00eemi place s\u0103 c\u00e2nt piese religioase. So\u021bul"},"footnotes":""},"categories":[44,38],"tags":[],"class_list":["post-15447","post","type-post","status-publish","format-standard","has-post-thumbnail","hentry","category-actualitate","category-stiri"],"_links":{"self":[{"href":"https:\/\/traditia.md\/ro\/wp-json\/wp\/v2\/posts\/15447","targetHints":{"allow":["GET"]}}],"collection":[{"href":"https:\/\/traditia.md\/ro\/wp-json\/wp\/v2\/posts"}],"about":[{"href":"https:\/\/traditia.md\/ro\/wp-json\/wp\/v2\/types\/post"}],"author":[{"embeddable":true,"href":"https:\/\/traditia.md\/ro\/wp-json\/wp\/v2\/users\/3"}],"replies":[{"embeddable":true,"href":"https:\/\/traditia.md\/ro\/wp-json\/wp\/v2\/comments?post=15447"}],"version-history":[{"count":0,"href":"https:\/\/traditia.md\/ro\/wp-json\/wp\/v2\/posts\/15447\/revisions"}],"wp:featuredmedia":[{"embeddable":true,"href":"https:\/\/traditia.md\/ro\/wp-json\/wp\/v2\/media\/15443"}],"wp:attachment":[{"href":"https:\/\/traditia.md\/ro\/wp-json\/wp\/v2\/media?parent=15447"}],"wp:term":[{"taxonomy":"category","embeddable":true,"href":"https:\/\/traditia.md\/ro\/wp-json\/wp\/v2\/categories?post=15447"},{"taxonomy":"post_tag","embeddable":true,"href":"https:\/\/traditia.md\/ro\/wp-json\/wp\/v2\/tags?post=15447"}],"curies":[{"name":"wp","href":"https:\/\/api.w.org\/{rel}","templated":true}]}}