{"id":15439,"date":"2023-06-29T13:31:05","date_gmt":"2023-06-29T10:31:05","guid":{"rendered":"https:\/\/traditia.md\/?p=15439"},"modified":"2023-06-29T13:32:26","modified_gmt":"2023-06-29T10:32:26","slug":"oprit-de-la-slujire-pentru-caderea-in-schisma","status":"publish","type":"post","link":"https:\/\/traditia.md\/ro\/oprit-de-la-slujire-pentru-caderea-in-schisma\/","title":{"rendered":"Oprit de la slujire pentru c\u0103derea \u00een schism\u0103"},"content":{"rendered":"<p><strong><em>Printr-un decret al mitropolitului Chi\u0219in\u0103ului \u0219i al \u00eentregii Moldove Vladimir protoiereul mitrofor Alexei S\u00eerbu, paroh al bisericii \u201eSf\u00e2ntul Ierarh Nicolae\u201d din satul Puhoi, raionul Ialoveni, a fost oprit de la s\u0103v\u00e2r\u0219irea celor sfinte, \u00eencep\u00e2nd cu data de 27 iunie 2023<\/em><\/strong>.<\/p>\n<p>Drept motiv pentru aplicarea sanc\u021biunii este invocat\u0103 \u201ep\u0103r\u0103sirea samavolnic\u0103 \u0219i lipsit\u0103 de temei canonic a Eparhiei Chi\u0219in\u0103ului din cadrul Bisericii Ortodoxe din Moldova\u201d, precum \u0219i \u201enesupunerea fa\u021b\u0103 de autorit\u0103\u021bile biserice\u0219ti ierarhic superioare, dar \u0219i \u00eenc\u0103lcarea jur\u0103m\u00e2ntului depus la hirotonie.\u201d<\/p>\n<p>Totodat\u0103, \u00een decret se men\u021bioneaz\u0103 c\u0103 sanc\u021biunea \u2013 oprirea preotului Alexei S\u00eerbu de la slujire \u2013 poate fi ridicat\u0103 odat\u0103 cu \u201eaducerea poc\u0103in\u021bei depline \u00een fa\u021ba ierarhului \u0219i revenirea \u00een clerul Bisericii Ortodoxe din Moldova\u201d.<\/p>\n<p>Potrivit unor surse mass-media, fostul paroh ar fi anun\u021bat c\u0103 ader\u0103 la organiza\u021bia schismatic\u0103 \u201eMitropolia Basarabiei\u201d.<\/p>\n<p style=\"text-align: right;\"><strong><em>Traditia.md<\/em><\/strong><\/p>\n","protected":false},"excerpt":{"rendered":"<p>Printr-un decret al mitropolitului Chi\u0219in\u0103ului \u0219i al \u00eentregii Moldove Vladimir protoiereul mitrofor Alexei S\u00eerbu, paroh al bisericii \u201eSf\u00e2ntul Ierarh Nicolae\u201d din satul&hellip;<\/p>\n","protected":false},"author":3,"featured_media":15437,"comment_status":"open","ping_status":"closed","sticky":false,"template":"","format":"standard","meta":{"_lmt_disableupdate":"","_lmt_disable":"","slim_seo":{"title":"Oprit de la slujire pentru c\u0103derea \u00een schism\u0103 - traditia.md","description":"Printr-un decret al mitropolitului Chi\u0219in\u0103ului \u0219i al \u00eentregii Moldove Vladimir protoiereul mitrofor Alexei S\u00eerbu, paroh al bisericii \u201eSf\u00e2ntul Ierarh Nicolae\u201d di"},"footnotes":""},"categories":[39,38],"tags":[],"class_list":["post-15439","post","type-post","status-publish","format-standard","has-post-thumbnail","hentry","category-biserica-si-societatea","category-stiri"],"_links":{"self":[{"href":"https:\/\/traditia.md\/ro\/wp-json\/wp\/v2\/posts\/15439","targetHints":{"allow":["GET"]}}],"collection":[{"href":"https:\/\/traditia.md\/ro\/wp-json\/wp\/v2\/posts"}],"about":[{"href":"https:\/\/traditia.md\/ro\/wp-json\/wp\/v2\/types\/post"}],"author":[{"embeddable":true,"href":"https:\/\/traditia.md\/ro\/wp-json\/wp\/v2\/users\/3"}],"replies":[{"embeddable":true,"href":"https:\/\/traditia.md\/ro\/wp-json\/wp\/v2\/comments?post=15439"}],"version-history":[{"count":0,"href":"https:\/\/traditia.md\/ro\/wp-json\/wp\/v2\/posts\/15439\/revisions"}],"wp:featuredmedia":[{"embeddable":true,"href":"https:\/\/traditia.md\/ro\/wp-json\/wp\/v2\/media\/15437"}],"wp:attachment":[{"href":"https:\/\/traditia.md\/ro\/wp-json\/wp\/v2\/media?parent=15439"}],"wp:term":[{"taxonomy":"category","embeddable":true,"href":"https:\/\/traditia.md\/ro\/wp-json\/wp\/v2\/categories?post=15439"},{"taxonomy":"post_tag","embeddable":true,"href":"https:\/\/traditia.md\/ro\/wp-json\/wp\/v2\/tags?post=15439"}],"curies":[{"name":"wp","href":"https:\/\/api.w.org\/{rel}","templated":true}]}}