{"id":15101,"date":"2023-06-22T10:31:07","date_gmt":"2023-06-22T07:31:07","guid":{"rendered":"https:\/\/traditia.md\/?p=15101"},"modified":"2023-06-22T10:32:20","modified_gmt":"2023-06-22T07:32:20","slug":"mitropolitul-vladimir-a-sfintit-icoana-soborul-sfintilor-ocrotitori-ai-moldovei-pictata-pentru-diaspora-moldoveneasca-din-republica-belarus","status":"publish","type":"post","link":"https:\/\/traditia.md\/ro\/mitropolitul-vladimir-a-sfintit-icoana-soborul-sfintilor-ocrotitori-ai-moldovei-pictata-pentru-diaspora-moldoveneasca-din-republica-belarus\/","title":{"rendered":"Mitropolitul Vladimir a sfin\u021bit icoana \u201eSoborul Sfin\u021bilor Ocrotitori ai Moldovei\u201d pictat\u0103 pentru diaspora moldoveneasc\u0103 din Republica Belarus"},"content":{"rendered":"<p><strong><em>\u00cen diminea\u021ba zilei de miercuri, 21 iunie 2023, \u00cenaltpreasfin\u021bitul Vladimir, mitropolitul Chi\u0219in\u0103ului \u0219i al \u00eentregii Moldove, a sfin\u021bit \u00een paraclisul mitropolitan cu hramul \u201eSfin\u021bii Moldovei\u201d icoana pictat\u0103 \u00een cinstea Soborului Sfin\u021bilor Ocrotitori ai Moldovei.<\/em><\/strong><\/p>\n<p>Icoana a fost pictat\u0103 pentru diaspora Republicii Moldova din ora\u0219ul Minsk, Republica Belarus.<\/p>\n<p>\u201eAstfel, \u00eei mul\u021bumim fr\u0103\u021be\u0219te \u0219i din suflet \u00cenaltpreasfin\u021bitului mitropolit Veniamin, \u00cent\u00e2ist\u0103t\u0103tor al Bisericii Ortodoxe din Belarus, care a binecuv\u00e2ntat aceast\u0103 lucrare binepl\u0103cut\u0103 \u0219i ziditoare de suflet pentru diaspora moldoveneasc\u0103, prin care cona\u021bionalii no\u0219tri vor avea un hram al lor \u0219i care a fost realizat\u0103 la ini\u021biativa \u0219i prin purtarea de grij\u0103 a domnului Victor Sorocean \u2013 vrednic fiu al neamului s\u0103u\u201d, a men\u021bionat dup\u0103 slujba dumnezeiasc\u0103 \u00cent\u00e2ist\u0103t\u0103torul Bisericii Ortodoxe din Moldova.<\/p>\n<p>\u201eV\u0103 \u00eendemn\u0103m pe to\u021bi cei, care sunte\u021bi de o credin\u021b\u0103, de un neam \u0219i de o limb\u0103, s\u0103-i ave\u021bi mereu \u00een inimile \u0219i \u00een rug\u0103ciunile voastre pe vrednicii no\u0219tri sfin\u021bi \u00eenainta\u0219i, care s-au dedicat slujirii lui Dumnezeu \u00een \u021binuturile Moldovei. S\u0103 v\u0103 ruga\u021bi lor cu n\u0103dejde \u00eentru numele Domnului pentru p\u0103m\u00e2ntul de unde vi se trage neamul \u0219i pentru p\u0103m\u00e2ntul belarus, care v-a primit cu bra\u021bele deschise\u201d, a venit cu un \u00eendemn mitropolitul Vladimir.<\/p>\n<p>\u201eV\u0103 ur\u0103m sporire \u00een credin\u021b\u0103, ferire de necazuri \u0219i v\u0103 \u00eendemn\u0103m s\u0103 nu v\u0103 uita\u021bi niciodat\u0103 r\u0103d\u0103cinile.<\/p>\n<p>Sfin\u021bilor care v-a\u021bi prosl\u0103vit pe p\u0103m\u00e2ntul Moldovei, ruga\u021bi-v\u0103 lui Dumnezeu pentru noi, p\u0103c\u0103to\u0219ii!\u201d, \u0219i-a \u00eencheiat cuv\u00e2ntarea \u00cenaltpreasfin\u021bitul mitropolit Vladimir.<\/p>\n<p style=\"text-align: right;\"><em>Sursa: <a href=\"https:\/\/mitropolia.md\/ips-mitropolit-vladimir-a-sfintit-icoana-soborului-sfintilor-ocrotitori-ai-moldovei-pictata-pentru-diaspora-moldoveneasca-din-republica-belarus\/\"><strong>Mitropolia Chi\u0219in\u0103ului \u0219i a \u00eentregii Moldove<\/strong><\/a><\/em><\/p>\n<p><img fetchpriority=\"high\" decoding=\"async\" class=\"alignnone size-full wp-image-15097 aligncenter\" src=\"https:\/\/traditia.md\/wp-content\/uploads\/2023\/06\/mitropolitul_icoana.jpg\" alt=\"Mitropolitul_icoana\" width=\"600\" height=\"798\" srcset=\"https:\/\/traditia.md\/wp-content\/uploads\/2023\/06\/mitropolitul_icoana.jpg 600w, https:\/\/traditia.md\/wp-content\/uploads\/2023\/06\/mitropolitul_icoana-226x300.jpg 226w, https:\/\/traditia.md\/wp-content\/uploads\/2023\/06\/mitropolitul_icoana-585x778.jpg 585w\" sizes=\"(max-width: 600px) 100vw, 600px\" \/><\/p>\n","protected":false},"excerpt":{"rendered":"<p>\u00cen diminea\u021ba zilei de miercuri, 21 iunie 2023, \u00cenaltpreasfin\u021bitul Vladimir, mitropolitul Chi\u0219in\u0103ului \u0219i al \u00eentregii Moldove, a sfin\u021bit \u00een paraclisul mitropolitan cu&hellip;<\/p>\n","protected":false},"author":3,"featured_media":15099,"comment_status":"open","ping_status":"closed","sticky":false,"template":"","format":"standard","meta":{"_lmt_disableupdate":"","_lmt_disable":"","slim_seo":{"title":"Mitropolitul Vladimir a sfin\u021bit icoana \u201eSoborul Sfin\u021bilor Ocrotitori ai Moldovei\u201d pictat\u0103 pentru diaspora moldoveneasc\u0103 din Republica Belarus - traditia.md","description":"\u00cen diminea\u021ba zilei de miercuri, 21 iunie 2023, \u00cenaltpreasfin\u021bitul Vladimir, mitropolitul Chi\u0219in\u0103ului \u0219i al \u00eentregii Moldove, a sfin\u021bit \u00een paraclisul mitropolita"},"footnotes":""},"categories":[39,38],"tags":[],"class_list":["post-15101","post","type-post","status-publish","format-standard","has-post-thumbnail","hentry","category-biserica-si-societatea","category-stiri"],"_links":{"self":[{"href":"https:\/\/traditia.md\/ro\/wp-json\/wp\/v2\/posts\/15101","targetHints":{"allow":["GET"]}}],"collection":[{"href":"https:\/\/traditia.md\/ro\/wp-json\/wp\/v2\/posts"}],"about":[{"href":"https:\/\/traditia.md\/ro\/wp-json\/wp\/v2\/types\/post"}],"author":[{"embeddable":true,"href":"https:\/\/traditia.md\/ro\/wp-json\/wp\/v2\/users\/3"}],"replies":[{"embeddable":true,"href":"https:\/\/traditia.md\/ro\/wp-json\/wp\/v2\/comments?post=15101"}],"version-history":[{"count":0,"href":"https:\/\/traditia.md\/ro\/wp-json\/wp\/v2\/posts\/15101\/revisions"}],"wp:featuredmedia":[{"embeddable":true,"href":"https:\/\/traditia.md\/ro\/wp-json\/wp\/v2\/media\/15099"}],"wp:attachment":[{"href":"https:\/\/traditia.md\/ro\/wp-json\/wp\/v2\/media?parent=15101"}],"wp:term":[{"taxonomy":"category","embeddable":true,"href":"https:\/\/traditia.md\/ro\/wp-json\/wp\/v2\/categories?post=15101"},{"taxonomy":"post_tag","embeddable":true,"href":"https:\/\/traditia.md\/ro\/wp-json\/wp\/v2\/tags?post=15101"}],"curies":[{"name":"wp","href":"https:\/\/api.w.org\/{rel}","templated":true}]}}