{"id":14094,"date":"2023-05-29T11:37:56","date_gmt":"2023-05-29T08:37:56","guid":{"rendered":"https:\/\/traditia.md\/?p=14094"},"modified":"2023-05-29T11:39:00","modified_gmt":"2023-05-29T08:39:00","slug":"agenda-lgbt-pentru-copiii-ucraineni","status":"publish","type":"post","link":"https:\/\/traditia.md\/ro\/agenda-lgbt-pentru-copiii-ucraineni\/","title":{"rendered":"Agenda LGBT pentru copiii ucraineni"},"content":{"rendered":"<p><strong><em>Ministerul Educa\u021biei \u0219i \u0218tiin\u021bei din Ucraina a semnat un acord de cooperare cu Funda\u021bia american\u0103 Arcus Foundation . Ce amenin\u021bare prezint\u0103 acest acord pentru copiii no\u0219tri?<\/em><\/strong><\/p>\n<p>ME\u0218 \u0219i Funda\u021bia Arcus vor coopera pentru introducerea \u201emetodelor de predare sensibile la gen\u201d \u00een institu\u021biile de \u00eenv\u0103\u021b\u0103m\u00e2nt ucrainene. Funda\u021bia dezvolt\u0103 programe de promovare a ideologiei identit\u0103\u021bii de gen, utilizate \u00een institu\u021biile de \u00eenv\u0103\u021b\u0103m\u00e2nt, c\u00e2t \u0219i \u00een programe, de exemplu, pentru poli\u021bi\u0219ti \u0219i al\u021bi angaja\u021bi. Promovarea ideologiei LGBT este realizat\u0103 de Funda\u021bie \u00een toat\u0103 lumea, \u00een Europa, SUA, iar acest lucru se realizeaz\u0103 \u00eentr-un mod foarte divers, chiar \u0219i prin organiza\u021bii religioase, asocia\u021bii sportive \u0219i culturale.<\/p>\n<p>Funda\u021bia Arcus inten\u021bioneaz\u0103 s\u0103 pun\u0103 la dispozi\u021bie tuturor institu\u021biilor de \u00eenv\u0103\u021b\u0103m\u00e2nt general \u0219i pre\u0219colar literatur\u0103 tematic\u0103 \u201eeducativ\u0103 \u0219i metodic\u0103\u201d, materiale \u0219tiin\u021bifice, seturi de joac\u0103, al c\u0103ror scop este promovarea unei atitudini tolerante fa\u021b\u0103 de problema genului \u0219i, pur \u0219i simplu \u2013 <strong><em>coruperea copiilor no\u0219tri, \u00eencep\u00e2nd de la cea mai fraged\u0103 v\u00e2rst\u0103 \u2013 gr\u0103dini\u021be de copii<\/em><\/strong>, unde li se va spune \u0219i vor fi \u00eenv\u0103\u021ba\u021bi s\u0103 se iubeasc\u0103 \u201ecorect\u201d. \u0218i s\u0103 fie date explica\u021bii c\u0103 un b\u0103iat nu este neap\u0103rat b\u0103iat, iar o fat\u0103 nu este neap\u0103rat fat\u0103.<\/p>\n<p><strong>Propaganda gay \u00een Ucraina nu a \u00eenceput ieri sau ast\u0103zi.<\/strong><\/p>\n<p>Primele ac\u021biuni active ale lobby-ului LGBT \u00een aceast\u0103 direc\u021bie au avut loc \u00eenc\u0103 \u00een 2012, odat\u0103 cu prima \u00eencercare de a organiza Kyiv Pride la Kiev \u2013 un mar\u0219 \u00een sprijinul LGBT+. Apoi, \u00een urm\u0103 cu 11 ani, mar\u0219ul s-a \u00eentrerupt din cauza amenin\u021b\u0103rii unor ciocniri active cu oponen\u021bii unei astfel de procesiuni la Kiev.<\/p>\n<p>Acela\u0219i lucru s-a \u00eent\u00e2mplat \u00een 2013 \u0219i 2014 \u2013 oamenii legii au interzis mar\u0219ul din cauza incapacit\u0103\u021bii de a asigura siguran\u021ba participan\u021bilor s\u0103i. Dar, din p\u0103cate, din 2015 p\u00e2n\u0103 \u00een 2019, Kyiv-Pride a avut loc \u00een mod regulat \u00een capital\u0103, cu sprijinul \u0219i acoperirea cuprinz\u0103toare \u00een toate mass-media disponibile, pe toate platformele de informare. Cea mai masiv\u0103 procesiune a fost \u00een 2019: la ea au participat peste 30 de coloane organizate (aproximativ 8.000 de participan\u021bi), inclusiv au participat p\u0103rin\u021bilor copiilor LGBT+, reprezentan\u021bi ai Centrului de S\u0103n\u0103tate Public\u0103 al Ministerului S\u0103n\u0103t\u0103\u021bii al Ucrainei.<\/p>\n<p><strong>Astfel, \u00een ultimii aproape 10 ani, am fost \u00eenv\u0103\u021ba\u021bi c\u0103 oamenii LGBT sunt normali, c\u0103 a\u0219a este \u00een stil european, \u00een toat\u0103 lumea civilizat\u0103, acest lucru este binevenit peste tot \u0219i la noi, de asemenea, ar trebui s\u0103 fie exact a\u0219a \u0219i nimic altceva.<\/strong><\/p>\n<p>Deja \u00een 2018, lobby-urile LGBT au putut s\u0103 intre oficial \u00een \u0219colile ucrainene: pentru prima dat\u0103 \u00een istoria noastr\u0103 manualele pentru clasa a 10-a au recunoscut rela\u021biile homosexuale ca o form\u0103 de rela\u021bie de familie. Mai mult, \u00een 2018 Ministerul Educa\u021biei \u0219i \u0218tiin\u021bei a ini\u021biat refuzul de a folosi conceptul de \u201ep\u0103rin\u021bi\u201d \u00een manuale.<\/p>\n<p>Asemenea ac\u021biuni nu au fost \u00eendreptate doar \u00eempotriva valorilor tradi\u021bionale ale familiei \u2013 ele sunt o batjocur\u0103 direct\u0103 a cuvintelor Domnului <em>\u201ecinste\u0219te pe tat\u0103l t\u0103u \u0219i pe mama ta<\/em>\u201d \u2013 scopul lor a fost de a dezorienta copiii, de a priva p\u0103rin\u021bii de autoritate \u0219i influen\u021b\u0103 asupra copiilor \u0219i, totodat\u0103, a fost o testare la c\u00e2t de mult este gata societatea s\u0103 accepte \u201evalorile\u201d persoanelor LGBT.<\/p>\n<p>Mai departe \u2013 mai mult. Anna Novosad a vorbit \u00een 2020 despre nivelul de \u201eeduca\u021bie de gen\u201d \u0219i toleran\u021b\u0103 \u00een \u0219coal\u0103: \u201e\u0218colii moderne \u00eei lipse\u0219te deschiderea \u00een chestiuni de educa\u021bie \u0219i orientare sexual\u0103\u201d.<\/p>\n<p>Novosad a spus c\u0103 \u0219coala are obliga\u021bia de a-i \u00eenv\u0103\u021ba pe copii s\u0103 respecte libertatea de alegere a celeilalte persoane \u00een materie de identitate de gen. Acestea au fost <strong>premisele pentru adoptarea Conven\u021biei de la Istanbul care introduce conceptul de gen, ratificat\u0103 de Rada Suprem\u0103 \u00een 2022.<\/strong> Acum copiii ucraineni vor putea determina cine sunt: \u201eel\u201d, \u201eea\u201d sau \u201eambigen\u201d abia la v\u00e2rsta de 12 ani, iar \u00eenainte de aceasta, impunerea unui comportament asupra lor \u00een func\u021bie de sexul lor fiziologic va fi considerat\u0103 ilegal\u0103&#8230;<\/p>\n<p>Dac\u0103 urm\u0103rim tendin\u021ba actual\u0103, putem presupune c\u0103 urm\u0103torul pas \u00een aceast\u0103 direc\u021bie va fi preg\u0103tirea temeiurilor legislative care s\u0103 permit\u0103 copiilor s\u0103-\u0219i schimbe sexul \u00eenainte de a \u00eemplini v\u00e2rsta majoratului. Regatul Unit are o experien\u021b\u0103 trist\u0103 a unei astfel de \u201eatitudini democratice\u201d fa\u021b\u0103 de problema autoidentific\u0103rii adolescen\u021bilor, unde p\u00e2n\u0103 \u00een decembrie 2020 orice adolescent putea s\u0103 vin\u0103 la o clinic\u0103 de specialitate \u0219i s\u0103 urmeze un curs de \u201eterapie\u201d \u0219i putea, de asemenea, s\u0103 urmeze o interven\u021bie chirurgical\u0103 necesar\u0103 pentru schimbarea sexului.<\/p>\n<p>Dup\u0103 declara\u021bia de revendicare a Kirei Bell (\u00een adolescen\u021b\u0103 a decis c\u0103 este b\u0103iat, a trecut prin toate procedurile care au schilodit-o irevocabil), decizia a fost luat\u0103 dup\u0103 procesul \u00een aceast\u0103 cauz\u0103 \u2013 acest lucru, din fericire, este deja imposibil \u2013 doar printr-o hot\u0103r\u00e2re judec\u0103toreasc\u0103 special\u0103, pe baza concluziilor unei comisii medicale speciale. Dar nu suntem \u00een Marea Britanie, nu-i a\u0219a?<\/p>\n<p>La noi totul merge ca \u00eenainte. Pe 13 martie a acestui an deputatul Radei Supreme Inna Sovsun, \u00eempreun\u0103 cu organiza\u021biile LGBT, elaboreaz\u0103 \u0219i \u00eenregistreaz\u0103 proiectul de lege nr. 9103 \u201eCu privire la Institutul Parteneriatelor \u00cenregistrate\u201d, lege care permite oficializarea rela\u021biilor \u00eentre persoane de acela\u0219i sex sub form\u0103 de c\u0103s\u0103torie. \u0218i pre\u0219edintele Zelensky se adreseaz\u0103 pre\u0219edintelui Radei Supreme \u201ecu o solicitare de a analiza problema pus\u0103 \u00een peti\u021bia electronic\u0103\u201d.<\/p>\n<p>Am \u00eencetat s\u0103 mai vorbim despre natalitatea din \u021bar\u0103 \u0219i despre teribila criz\u0103 demografic\u0103. Desigur, este de \u00een\u021beles \u2013 e r\u0103zboi, am suferit pierderi umane \u0219i teritoriale, \u00een plus, a fost un exod mare a popula\u021biei \u00een str\u0103in\u0103tate \u0219i anume a femeilor cu copii, a femeilor \u00eens\u0103rcinate. \u00cen consecin\u021b\u0103, natalitatea a sc\u0103zut brusc, iar popula\u021bia nu este completat\u0103. Dar!<\/p>\n<p><strong>Promovarea c\u0103s\u0103toriei \u00eentre persoane de acela\u0219i gen nu va face dec\u00e2t s\u0103 agraveze situa\u021bia. Cine va na\u0219te? Ce a\u0219teapt\u0103 \u021bara? Ar trebui s\u0103 introducem acum lec\u021bii pentru \u00eent\u0103rirea institu\u021biei familiei, \u00eencurajarea c\u0103s\u0103toriei \u0219i a maternit\u0103\u021bii. Dar nu! Cineva de sus pare s\u0103 fie angajat \u00eentr-un sabotaj deschis.<\/strong><\/p>\n<p>Pe 10 martie 2023 Zelensky a ordonat Cabinetului de Mini\u0219tri s\u0103 analizeze propunerile de educa\u021bie sexual\u0103 \u00een sistemul de \u00eenv\u0103\u021b\u0103m\u00e2nt, cuprinse \u00een peti\u021bia men\u021bionat\u0103, prin care se cere introducerea educa\u021biei sexuale obligatorii dup\u0103 modelul \u0219i exemplul \u021b\u0103rilor occidentale. Este foarte interesant \u2013 cine \u0219i cum a semnat aceast\u0103 peti\u021bie amuzant\u0103?<\/p>\n<p>\u0218i cirea\u0219a de pe tort: Ministerul Educa\u021biei \u0219i \u0218tiin\u021bei semneaz\u0103 un memorandum de cooperare cu Funda\u021bia de caritate interna\u021bional\u0103 The Arcus Foundation. Scopul cooper\u0103rii este intrarea legitim\u0103 deplin\u0103 a organiza\u021biilor LGBT \u00een sistemul nostru de \u00eenv\u0103\u021b\u0103m\u00e2nt, deoarece acest lucru este declarat oficial \u00een memorandum: introducerea metodelor de predare gender \u00een procesul educa\u021bional la toate etapele sale \u2013 de la \u00eenv\u0103\u021b\u0103m\u00e2ntul pre\u0219colar p\u00e2n\u0103 la \u00eenv\u0103\u021b\u0103m\u00e2ntul superior.<\/p>\n<p>Dup\u0103 cum am men\u021bionat deja, Funda\u021bia \u00ee\u0219i asum\u0103 obliga\u021bii \u2013 ofer\u0103 absolut orice, de la furnizarea de programe gata f\u0103cute p\u00e2n\u0103 la sprijinul financiar complet cu manuale, suporturi didactice, jocuri&#8230; V\u0103 pute\u021bi imagina ce este? Cum vor fi aceste materiale didactice? Ce \u0219i cum se va scrie \u00een literatura \u201eeducativ\u0103\u201d oferit\u0103 de Funda\u021bie?<\/p>\n<p>Dar cel mai trist lucru, probabil, c\u0103 nu este acesta. Astfel de m\u0103suri din partea politicienilor \u0219i oficialilor, \u00een principiu, pot fi pronosticate \u0219i sunt previzibile. Este trist modul \u00een care societatea r\u0103spunde provoc\u0103rilor LGBT+. \u0218i cum reac\u021bioneaz\u0103 la cei care sunt pentru valorile tradi\u021bionale ale familiei.<\/p>\n<p><strong>Un bun exemplu \u0219i un test de turnesol poate fi ora\u0219ul Kamenetz-Podolsky, unde pe 21 mai primarul ora\u0219ului, \u00eempreun\u0103 cu \u00ab\u0414\u0443\u0445\u043e\u0432\u043d\u043e\u044e \u0420\u0430\u0434\u043e\u044e \u043c\u0456\u0441\u0442\u0430\u00bb\/\u201eConsiliul Spiritual Local\u201d, de altfel, nici unul dintre reprezentan\u021bi ai Bisericii Ortodoxe din Ucraina nu este membru al acestui consiliu \u0219i nu a luat parte la ac\u021biune, au desf\u0103\u0219urat un mar\u0219 \u00een sprijinul \u201eValorilor tradi\u021bionale ale familiei\u201d.<\/strong><\/p>\n<p>Despre evenimentul care urma s\u0103 aib\u0103 loc s-a anun\u021bat \u00een re\u021belele de socializare locale \u0219i mass media ora\u0219ului. Reac\u021bia or\u0103\u0219enilor a fost destul de nea\u0219teptat\u0103 pentru mul\u021bi. <strong>\u00cen primul r\u00e2nd, dac\u0103 e\u0219ti \u00eempotriva LGBT+, \u00eenseamn\u0103 c\u0103 e\u0219ti un pop\u0103 moscovit. \u00cen al doilea r\u00e2nd, cui \u00eei pas\u0103 de preferin\u021bele mele sexuale. \u00cen al treilea r\u00e2nd, ce este? LGBT este un lucru normal, e bine peste tot \u00een lume, suntem noi oare mai r\u0103i dec\u00e2t Europa sau SUA?<\/strong><\/p>\n<p>Drept urmare, preg\u0103tirea terenului pentru introducerea final\u0103 a comunit\u0103\u021bii LGBT+ \u00een societatea ucrainean\u0103 a avut nu doar succes, dar a \u0219i trecut pe nota zece cu plus! <strong>Mul\u021bi oameni de v\u00e2rst\u0103 mijlocie privesc cu toleran\u021b\u0103 la persoanele care \u201enu sunt a\u0219a\u201d, iar tinerii deseori nu v\u0103d o problem\u0103 \u00een aceasta.<\/strong> Mai mult ca at\u00e2t, un ecou negativ a fost emis de mai multe mass-media, din aceast\u0103 cauz\u0103 participan\u021bii \u0219i organizatorii mar\u0219ului au fost chiar nevoi\u021bi s\u0103 cear\u0103 scuze&#8230;<\/p>\n<p>Dar adev\u0103rul este c\u0103 astfel de mar\u0219uri nu sunt noi \u0219i sunt practicate \u00een \u00eentreaga lume cre\u0219tin\u0103. Desigur, \u00een Europa \u0219i Statele Unite astfel de ac\u021biuni provoac\u0103 multe proteste, dar nu peste tot. Astfel, una dintre cele mai active \u0219i ireconciliabile pozi\u021bii pe aceast\u0103 tem\u0103 este ocupat\u0103 de Serbia, unde mar\u0219uri de mas\u0103 similare sunt organizate periodic \u00een toat\u0103 \u021bara. Dar dac\u0103 \u00een Serbia totul decurge destul de pa\u0219nic \u2013 oamenii m\u0103r\u0219\u0103luiesc cu bannere, icoane, afi\u0219e pe care scrie \u201eM\u00e2inile de pe copiii no\u0219tri!\u201d \u0219i autorit\u0103\u021bile sunt pur \u0219i simplu for\u021bate s\u0103 interzic\u0103 Euro-Prides, atunci \u00een Georgia, unde astfel de mar\u0219uri se desf\u0103\u0219oar\u0103 \u00een mod regulat, totul este mai emo\u021bionant, iar ap\u0103r\u0103torii valorilor familiei tradi\u021bionale cre\u0219tine distrug periodic sediul comunit\u0103\u021bii LGBT din Georgia. Washingtonul a trebuit chiar s\u0103 ias\u0103 deschis \u00een ap\u0103rarea minorit\u0103\u021bilor sexuale georgiene.<\/p>\n<p><strong>\u00cen Ucraina, astfel de mar\u0219uri nu sunt noi, de exemplu, la Kiev \u00een 2017, la Odessa \u00een 2021. Da, \u0219i \u00een acela\u0219i Kamenetz-Podolsky, acesta nu este primul mar\u0219 de acest fel&#8230;. \u00cens\u0103 ce s-a schimbat \u00een societatea noastr\u0103?<\/strong><\/p>\n<p>Dar s\u0103 revenim la problemele educa\u021biei \u0219i la exemplul occidental. Nu este totul at\u00e2t de frumos pe acest front. Noul premier britanic Rishi Sunak a criticat aspru manualul despre educa\u021bia sexual\u0103 folosit \u00een \u0219colile britanice (Relationships and Sexuality: RSE) \u0219i inten\u021bioneaz\u0103 nu numai s\u0103-i revizuiasc\u0103 con\u021binutul, ci \u0219i s\u0103 extind\u0103 accesul p\u0103rin\u021bilor la aceast\u0103 sfer\u0103, precum \u0219i s\u0103 ia \u00een considerare dorin\u021bele p\u0103rin\u021bilor cu privire la nivelul de \u201efranche\u021be\u201d al materialului educa\u021bional propus. Dac\u0103 te ui\u021bi la aceea\u0219i SUA, atunci situa\u021bia acolo este nu numai extrem de complicat\u0103, ci \u0219i foarte diferit\u0103 \u00een diverse state.<\/p>\n<p><strong>Pentru \u0219colarii germani, lec\u021biile de educa\u021bie sexual\u0103 \u00eencep \u00een clasa a IV-a. La ele, cu ajutorul manualelor ilustrative, copiilor li se poveste\u0219te despre secretele corpului uman \u0219i despre \u201edragoste\u201d folosind exemple din Kama Sutra&#8230;<\/strong><\/p>\n<p>\u00cen 2013, tat\u0103l unei fete care a lipsit la dou\u0103 lec\u021bii de educa\u021bie sexual\u0103 a fost condamnat \u00een Germania. Iar 10 ani mai t\u00e2rziu, la sf\u00e2r\u0219itul lunii aprilie a acestui an, serviciile speciale germane au luat un copil dintr-o familie musulman\u0103 din cauza faptului c\u0103 p\u0103rin\u021bii considerau inacceptabile pentru copilul lor at\u00e2t transgenderul, c\u00e2t \u0219i homosexualitatea.<\/p>\n<p>O alt\u0103 nuan\u021b\u0103: de exemplu, \u00een Norvegia multe mame, originare din fosta Uniune Sovietic\u0103 \u0219i care s-au c\u0103s\u0103torit cu norvegieni, sunt \u00eengrozite s\u0103 realizeze c\u0103 copiii lor minori sunt abuza\u021bi sexual de rudele lor cele mai apropiate norvegiene, pentru care o astfel de \u201edivertisment\u201d este normal, \u00een plus, legea este \u00eentotdeauna de partea so\u021bilor norvegieni \u0219i, de multe ori, mamele pierd posibilitatea oric\u0103rei comunic\u0103ri cu propriul copil&#8230;<\/p>\n<p>Deci, la urma urmei, ce fel de funda\u021bie interna\u021bional\u0103 de caritate este aceasta, gata s\u0103 suporte toate costurile pentru asigurarea procesului educa\u021bional cu tot ce este necesar? Cine se afl\u0103 \u00een spatele ei?<\/p>\n<p>The Arcus Foundation\u00a0 este o funda\u021bie caritabil\u0103 interna\u021bional\u0103, fondat\u0103 de miliardarul John Stryker, un b\u0103rbat gay, av\u00e2nd leg\u0103turi cu industria medical\u0103 \u0219i farmaceutic\u0103. Funda\u021bia este implicat\u0103 \u00een probleme legate de drepturile LGBT, justi\u021bia social\u0103, conservarea maimu\u021belor \u0219i protec\u021bia mediului.<\/p>\n<p><strong>Misiunea declarat\u0103 a Funda\u021biei este de a \u201easigura prosperitatea persoanelor LGBT \u0219i a semenilor no\u0219tri maimu\u021be \u00eentr-o lume \u00een care justi\u021bia social\u0103 \u0219i de mediu este o realitate\u201d.<\/strong><\/p>\n<p>Dac\u0103 recent \u00een ap\u0103rarea homosexualilor \u0219i lesbienelor vorbea un grup mic de oameni, acum totul s-a schimbat dramatic. \u0218i The Arcus Foundation este un exemplu viu \u0219i o dovad\u0103 \u00een acest sens. Persoanele LGBT nu sunt doar numeroase acum \u2013 sunt agresive, bine finan\u021bate \u0219i dornice s\u0103 cucereasc\u0103 \u00eentreaga lume, \u00ee\u0219i impun tuturor \u0219i peste tot \u00een mod activ p\u0103rerile, iar dac\u0103 e\u0219ti un adversar al acestora, e\u0219ti un du\u0219man al \u00eentregii omeniri.\u00a0<\/p>\n<p>Astfel, doar \u00eentre 2007 \u0219i 2010, The Arcus Foundation a contribuit cu peste 58,4 milioane de dolari la programe \u0219i organiza\u021bii implicate \u00een activit\u0103\u021bi legate de comunitatea LGBT, devenind astfel una dintre principalele funda\u021bii ale lumii care sprijin\u0103 persoanele LGBT. Stryker \u00eensu\u0219i a oferit peste 30 de milioane de dolari c\u0103tre Arkus \u00een aceast\u0103 perioad\u0103 de trei ani prin ac\u021biunile sale \u00een Stryker Medical Corporation.<\/p>\n<p>Concluzii: ne putem imagina din toate cele expuse mai sus cum vor fi manualele \u0219i alte suporturi didactice, furnizate de \u201ebunii binef\u0103c\u0103tori transatlantici\u201d. Ce vor \u00eenv\u0103\u021ba copiii no\u0219tri? Ce se va \u00eent\u00e2mpla cu copiii no\u0219tri \u0219i, \u00een consecin\u021b\u0103, cu viitorul \u021b\u0103rii noastre, dac\u0103 o astfel de Funda\u021bie \u00eencepe s\u0103 ia parte activ\u0103 la procesul de educare a copiilor no\u0219tri?<\/p>\n<p>Dar ce viitor \u00eei a\u0219teapt\u0103 pe p\u0103rin\u021bi? Lipsa total\u0103 de drepturi \u0219i incapacitatea de a interveni \u00een vreun fel \u00een procesul de educa\u021bie \u0219i cre\u0219tere a propriului copil? La urma urmei, cu o astfel de tendin\u021b\u0103, drepturile p\u0103rin\u021bilor vor fi \u00een cur\u00e2nd foarte sever limitate. Deja acum copiii sunt \u00eenv\u0103\u021ba\u021bi \u00een \u0219coli urm\u0103toarele: p\u0103rin\u021bii nu au dreptul s\u0103 te oblige s\u0103 faci ceva, nu au dreptul s\u0103 ridice vocea la tine, s\u0103 te limiteze \u00een ceva. Dac\u0103 p\u0103rin\u021bii t\u0103i te h\u0103r\u021buiesc, sun\u0103 la poli\u021bie \u0219i pl\u00e2nge-te&#8230; \u0218i \u00eentr-o zi vor suna, s\u0103 nu ave\u021bi vreun dubiu \u00een aceast\u0103 privin\u021b\u0103.<\/p>\n<p>Ce se va \u00eent\u00e2mpla, chiar \u0219i f\u0103r\u0103 activitatea acestui Fond, dac\u0103 avem deja ast\u0103zi rezultate at\u00e2t de deplorabile \u00een urma acestei \u201evaccine\u201d a toleran\u021bei care dureaz\u0103 mul\u021bi ani?<\/p>\n<p style=\"text-align: right;\"><strong><em>Nazar Golovko<\/em><\/strong><\/p>\n<p style=\"text-align: right;\"><em>Sursa: <a href=\"https:\/\/spzh.news\/ru\/chelovek-i-cerkovy\/74015-lhbt-povestka-dlja-ukrainskikh-detej\"><strong>Uniunea Jurnali\u015ftilor Ortodoc\u015fi<\/strong><\/a><\/em><\/p>\n<p><strong>\u00cen numele redac\u021biei Traditia.md:<\/strong> Nu vom face predic\u021bii sumbre despre cum se va comporta actuala guvernare \u00een ceea ce prive\u0219te introducerea \u00een continuare a ideologiei de gen \u0219i a agendei LGBT \u00een Moldova. S\u0103 reamintim doar cititorilor c\u0103 a\u0219a-numita Conven\u021bie de la Istanbul a fost ratificat\u0103 de majoritatea parlamentar\u0103 \u2013 deputa\u021bii Partidului Ac\u021biune \u0219i Solidaritate \u2013 cu aproape doi ani \u00eenainte ca s-o fac\u0103 Rada Suprem\u0103 a Ucrainei, \u00eenc\u0103 \u00een octombrie 2021. Tot atunci legea respectiv\u0103 a fost semnat\u0103 de pre\u0219edintele Maia Sandu.<\/p>\n<p>De asemenea, reamintim c\u0103 la 22 mai 2022 Parlamentul European a adoptat o rezolu\u021bie special\u0103 privind punerea \u00een aplicare a Acordului de Asociere UE-Republica Moldova, al c\u0103rui paragraf 52 impune Republica Moldova s\u0103 elimine interdic\u021bia constitu\u021bional\u0103 privind c\u0103s\u0103toria \u00eentre persoane de acela\u0219i sex \u0219i s\u0103 stabileasc\u0103 m\u0103surile de combatere a discrimin\u0103rii pentru persoane LGBTI.<\/p>\n<p>Men\u021bion\u0103m doar c\u0103, av\u00e2nd \u00een vedere disponibilitatea actualei guvern\u0103ri de a respecta orice instruc\u021biune de la Washington \u0219i Bruxelles, riscul ca scenariul ucrainean descris mai sus s\u0103 se repete \u00een Moldova r\u0103m\u00e2ne foarte mare.<\/p>\n","protected":false},"excerpt":{"rendered":"<p>Ministerul Educa\u021biei \u0219i \u0218tiin\u021bei din Ucraina a semnat un acord de cooperare cu Funda\u021bia american\u0103 Arcus Foundation . Ce amenin\u021bare prezint\u0103 acest&hellip;<\/p>\n","protected":false},"author":3,"featured_media":14092,"comment_status":"open","ping_status":"closed","sticky":false,"template":"","format":"standard","meta":{"_lmt_disableupdate":"","_lmt_disable":"","slim_seo":{"title":"Agenda LGBT pentru copiii ucraineni - traditia.md","description":"Ministerul Educa\u021biei \u0219i \u0218tiin\u021bei din Ucraina a semnat un acord de cooperare cu Funda\u021bia american\u0103 Arcus Foundation . Ce amenin\u021bare prezint\u0103 acest acord pentru c"},"footnotes":""},"categories":[44],"tags":[],"class_list":["post-14094","post","type-post","status-publish","format-standard","has-post-thumbnail","hentry","category-actualitate"],"_links":{"self":[{"href":"https:\/\/traditia.md\/ro\/wp-json\/wp\/v2\/posts\/14094","targetHints":{"allow":["GET"]}}],"collection":[{"href":"https:\/\/traditia.md\/ro\/wp-json\/wp\/v2\/posts"}],"about":[{"href":"https:\/\/traditia.md\/ro\/wp-json\/wp\/v2\/types\/post"}],"author":[{"embeddable":true,"href":"https:\/\/traditia.md\/ro\/wp-json\/wp\/v2\/users\/3"}],"replies":[{"embeddable":true,"href":"https:\/\/traditia.md\/ro\/wp-json\/wp\/v2\/comments?post=14094"}],"version-history":[{"count":0,"href":"https:\/\/traditia.md\/ro\/wp-json\/wp\/v2\/posts\/14094\/revisions"}],"wp:featuredmedia":[{"embeddable":true,"href":"https:\/\/traditia.md\/ro\/wp-json\/wp\/v2\/media\/14092"}],"wp:attachment":[{"href":"https:\/\/traditia.md\/ro\/wp-json\/wp\/v2\/media?parent=14094"}],"wp:term":[{"taxonomy":"category","embeddable":true,"href":"https:\/\/traditia.md\/ro\/wp-json\/wp\/v2\/categories?post=14094"},{"taxonomy":"post_tag","embeddable":true,"href":"https:\/\/traditia.md\/ro\/wp-json\/wp\/v2\/tags?post=14094"}],"curies":[{"name":"wp","href":"https:\/\/api.w.org\/{rel}","templated":true}]}}