{"id":11770,"date":"2023-03-29T16:25:37","date_gmt":"2023-03-29T13:25:37","guid":{"rendered":"https:\/\/traditia.md\/?p=11770"},"modified":"2023-03-29T16:26:32","modified_gmt":"2023-03-29T13:26:32","slug":"mitropolitul-antonii-pakanici-trebuie-oare-sa-asteptam-sfarsitul-lumii","status":"publish","type":"post","link":"https:\/\/traditia.md\/ro\/mitropolitul-antonii-pakanici-trebuie-oare-sa-asteptam-sfarsitul-lumii\/","title":{"rendered":"Mitropolitul Antonii (Pakanici): Trebuie oare s\u0103 a\u0219tept\u0103m sf\u00e2r\u0219itul lumii?"},"content":{"rendered":"<p><em>\u201e\u015ei \u015fez\u00e2nd El pe Muntele M\u0103slinilor, au venit la El ucenicii, de o parte, zic\u00e2nd: Spune nou\u0103 c\u00e2nd vor fi acestea \u015fi care este semnul venirii Tale \u015fi al sf\u00e2r\u015fitului veacului?R\u0103spunz\u00e2nd, Iisus le-a zis: Vede\u0163i s\u0103 nu v\u0103 am\u0103geasc\u0103 cineva. \u00a0\u00a0\u00a0 C\u0103ci mul\u0163i vor veni \u00een numele Meu, zic\u00e2nd: Eu sunt Hristos, \u015fi pe mul\u0163i \u00eei vor am\u0103gi. \u015ei ve\u0163i auzi de r\u0103zboaie \u015fi de zvonuri de r\u0103zboaie; lua\u0163i seama s\u0103 nu v\u0103 speria\u0163i, c\u0103ci trebuie s\u0103 fie toate, dar \u00eenc\u0103 nu este sf\u00e2r\u015fitul. C\u0103ci se va ridica neam peste neam \u015fi \u00eemp\u0103r\u0103\u0163ie peste \u00eemp\u0103r\u0103\u0163ie \u015fi va fi foamete \u015fi cium\u0103 \u015fi cutremure pe alocuri. Dar toate acestea sunt \u00eenceputul durerilor. Atunci v\u0103 vor da pe voi spre asuprire \u015fi v\u0103 vor ucide \u015fi ve\u0163i fi ur\u00e2\u0163i de toate neamurile pentru numele Meu. Atunci mul\u0163i se vor sminti \u015fi se vor vinde unii pe al\u0163ii; \u015fi se vor ur\u00ee unii pe al\u0163ii. \u015ei mul\u0163i prooroci mincino\u015fi se vor scula \u015fi vor am\u0103gi pe mul\u0163i&#8230;\u201d <\/em>(Mt. 24:3-11)<\/p>\n<p>Mul\u021bi credincio\u0219i \u00ee\u0219i amintesc acum de aceste cuvinte biblice \u0219i fac paralele cu vremurile noastre.<\/p>\n<p>De fapt, tot ceea ce s-a \u00eent\u00e2mplat \u00een ultimii ani se potrive\u0219te perfect cu ceea ce se spune \u00een Scriptur\u0103: pandemii, cutremure, r\u0103zboaie, tr\u0103d\u0103ri, iar acum la acestea li s-au al\u0103turat presiunile dure asupra Bisericii, cererea de a p\u0103r\u0103si Lavra Pecerska din Kiev.<\/p>\n<p>Dar dac\u0103 vom privi la toate aceste evenimente din punctul de vedere al istoriei universale, vom vedea c\u0103 epoca noastr\u0103 nu este ceva chiar \u00eentr-at\u00e2ta de ie\u0219it din comun.<\/p>\n<p>\u00cen secolul trecut Lavra a fost r\u0103pit\u0103 de la Biseric\u0103 de dou\u0103 ori; \u00eempotriva credincio\u0219ilor, a clerului \u0219i a episcopatului nu doar s-au \u00eentrodus sanc\u021biuni \u2013 ei erau trimi\u0219i \u00een exil, \u00eentemni\u021ba\u021bi \u0219i \u00eempu\u0219ca\u021bi. Concomitent, s-au desf\u0103\u0219urat dou\u0103 r\u0103zboaie mondiale, conflagra\u021bii cu care niciun alt r\u0103zboi din istoria omenirii nu poate fi comparat din punct de vedere al num\u0103rului de victime \u0219i al cruzimii.<\/p>\n<p>Dar poate \u00eensemna aceasta c\u0103 sf\u00e2r\u0219itul lumii nu este at\u00e2t de aproape? Probabil c\u0103 o asemenea \u00eentrebare ar trebui mutat\u0103 \u00eentr-un alt plan.<\/p>\n<p>Haide\u021bi s\u0103 ne amintim ce spune M\u00e2ntuitorul \u00een continuarea textului citat: <em>\u201e&#8230;Iar din pricina \u00eenmul\u0163irii f\u0103r\u0103delegii, iubirea multora se va r\u0103ci. Dar cel ce va r\u0103bda p\u00e2n\u0103 la sf\u00e2r\u015fit, acela se va m\u00e2ntui.\u201d<\/em> (Mt. 24:12\u201313).<\/p>\n<p>Hristos subliniaz\u0103 c\u0103 r\u0103zboaiele, foametea, dezastrele naturale, prigoana \u0219i chiar moartea nu sunt at\u00e2t de groaznice pentru credincio\u0219i cum este r\u0103cirea iubirii. \u0218i El nume\u0219te principala chez\u0103\u0219ie a m\u00e2ntuirii \u2013 nu fuga de cataclisme, ci r\u0103bdarea.<\/p>\n<p>Doar prin r\u0103bdare au fost m\u00e2ntui\u021bi str\u0103mo\u0219ii no\u0219tri, numai prin r\u0103bdare \u0219i dragoste a supravie\u021buit Biserica \u00een anii de prigoan\u0103 bol\u0219evic\u0103.<\/p>\n<p>Cu alte cuvinte, nu trebuie s\u0103 c\u0103ut\u0103m noi r\u0103spuns la \u00eentrebarea dac\u0103 sf\u00e2r\u0219itul lumii va veni sau nu va veni m\u00e2ine sau poim\u00e2ine, ci s\u0103 ne g\u00e2ndim mai mult la modul \u00een care, afl\u00e2ndu-ne \u00een condi\u021biile grele ce ne-au fost trimise, p\u0103str\u0103m \u00een noi \u00een\u0219ine iubirea \u0219i r\u0103bdarea, s\u0103 ne g\u00e2ndim cum s\u0103 r\u0103m\u00e2nem oameni, cum s\u0103 r\u0103m\u00e2nem cre\u0219tini. \u0218i \u00een acest sens nu conteaz\u0103 deloc faptul dac\u0103 noi tr\u0103im sau nu \u00eentr-o epoc\u0103 apocaliptic\u0103 \u2013 trebuie s\u0103-L iubim mereu pe Domnul \u0219i pe aproapele nostru, s\u0103 p\u0103zim poruncile \u0219i s\u0103 facem lucruri bune. \u00cen orice moment \u0219i \u00een orice epoc\u0103.<\/p>\n<p style=\"text-align: right;\"><em>Surs\u0103: <a href=\"https:\/\/pravlife.org\/ru\/content\/mitr-antoniy-pakanich-zhdat-li-nam-skorogo-konca-sveta\"><strong>\u041f\u0440\u0430\u0432\u043e\u0441\u043b\u0430\u0432\u043d\u0430\u044f \u0436\u0438\u0437\u043d\u044c<\/strong><\/a><\/em><\/p>\n","protected":false},"excerpt":{"rendered":"<p>\u201e\u015ei \u015fez\u00e2nd El pe Muntele M\u0103slinilor, au venit la El ucenicii, de o parte, zic\u00e2nd: Spune nou\u0103 c\u00e2nd vor fi acestea \u015fi&hellip;<\/p>\n","protected":false},"author":3,"featured_media":11768,"comment_status":"open","ping_status":"closed","sticky":false,"template":"","format":"standard","meta":{"_lmt_disableupdate":"","_lmt_disable":"","slim_seo":{"title":"Mitropolitul Antonii (Pakanici): Trebuie oare s\u0103 a\u0219tept\u0103m sf\u00e2r\u0219itul lumii? - traditia.md","description":"\u201e\u015ei \u015fez\u00e2nd El pe Muntele M\u0103slinilor, au venit la El ucenicii, de o parte, zic\u00e2nd: Spune nou\u0103 c\u00e2nd vor fi acestea \u015fi care este semnul venirii Tale \u015fi al sf\u00e2r\u015fitu"},"footnotes":""},"categories":[39],"tags":[],"class_list":["post-11770","post","type-post","status-publish","format-standard","has-post-thumbnail","hentry","category-biserica-si-societatea"],"_links":{"self":[{"href":"https:\/\/traditia.md\/ro\/wp-json\/wp\/v2\/posts\/11770","targetHints":{"allow":["GET"]}}],"collection":[{"href":"https:\/\/traditia.md\/ro\/wp-json\/wp\/v2\/posts"}],"about":[{"href":"https:\/\/traditia.md\/ro\/wp-json\/wp\/v2\/types\/post"}],"author":[{"embeddable":true,"href":"https:\/\/traditia.md\/ro\/wp-json\/wp\/v2\/users\/3"}],"replies":[{"embeddable":true,"href":"https:\/\/traditia.md\/ro\/wp-json\/wp\/v2\/comments?post=11770"}],"version-history":[{"count":0,"href":"https:\/\/traditia.md\/ro\/wp-json\/wp\/v2\/posts\/11770\/revisions"}],"wp:featuredmedia":[{"embeddable":true,"href":"https:\/\/traditia.md\/ro\/wp-json\/wp\/v2\/media\/11768"}],"wp:attachment":[{"href":"https:\/\/traditia.md\/ro\/wp-json\/wp\/v2\/media?parent=11770"}],"wp:term":[{"taxonomy":"category","embeddable":true,"href":"https:\/\/traditia.md\/ro\/wp-json\/wp\/v2\/categories?post=11770"},{"taxonomy":"post_tag","embeddable":true,"href":"https:\/\/traditia.md\/ro\/wp-json\/wp\/v2\/tags?post=11770"}],"curies":[{"name":"wp","href":"https:\/\/api.w.org\/{rel}","templated":true}]}}