{"id":11643,"date":"2023-03-24T15:00:21","date_gmt":"2023-03-24T12:00:21","guid":{"rendered":"https:\/\/traditia.md\/?p=11643"},"modified":"2023-03-24T15:01:38","modified_gmt":"2023-03-24T12:01:38","slug":"in-ucraina-politia-l-a-batut-pe-parohul-unul-sfant-locas-doar-pentru-ca-parintele-a-ramas-credincios-bisericii-canonice-video","status":"publish","type":"post","link":"https:\/\/traditia.md\/ro\/in-ucraina-politia-l-a-batut-pe-parohul-unul-sfant-locas-doar-pentru-ca-parintele-a-ramas-credincios-bisericii-canonice-video\/","title":{"rendered":"\u00cen Ucraina, poli\u021bia l-a b\u0103tut pe parohul unul sf\u00e2nt loca\u0219 doar pentru c\u0103 p\u0103rintele a r\u0103mas credincios Bisericii canonice (VIDEO)"},"content":{"rendered":"<p><strong><em>\u00cen Ucraina, \u00een satul Babin, regiunea Cern\u0103u\u021bi, administra\u021bia regional\u0103 de stat, f\u0103r\u0103 a solicita p\u0103rerea enoria\u0219ilor, a decis transferarea loca\u0219ului de aici al Bisericii Ortodoxe din Ucraina la structura schismatic\u0103 \u201eBiserica Ortodox\u0103 a Ucrainei\u201d.<\/em><\/strong><\/p>\n<p><iframe title=\"\u041d\u0430 \u0423\u043a\u0440\u0430\u0438\u043d\u0435 \u043f\u043e\u043b\u0438\u0446\u0438\u044f \u0438\u0437\u0431\u0438\u043b\u0430 \u043d\u0430\u0441\u0442\u043e\u044f\u0442\u0435\u043b\u044f \u0445\u0440\u0430\u043c\u0430\" width=\"1170\" height=\"878\" src=\"https:\/\/www.youtube.com\/embed\/nETDLGrLr54?feature=oembed\" frameborder=\"0\" allow=\"accelerometer; autoplay; clipboard-write; encrypted-media; gyroscope; picture-in-picture; web-share\" allowfullscreen><\/iframe><\/p>\n<p>Drept r\u0103spuns, p\u0103rintele paroh, protoiereul Ioan Pro\u021biuk, a declarat c\u0103 membrii comunit\u0103\u021bii cu hramul \u00een cinstea \u00cen\u0103l\u021b\u0103rii Domnului r\u0103m\u00e2n fideli Bisericii canonice \u00een frunte cu Preafericitul Mitropolit Onufrii.<\/p>\n<p>\u00cens\u0103 aparatului represiv nu-i pas\u0103 de opinia comunit\u0103\u021bii religioase \u2013 chiar \u00een timpul s\u0103v\u00e2r\u0219irii Tainei Sf\u00e2ntului Maslu poli\u021bi\u0219tii locali s-au n\u0103pustit cu violen\u021b\u0103 asupra p\u0103rintelui Ioan doar pentru c\u0103 acesta a continuat s\u0103-\u0219i \u00eendeplineasc\u0103 \u00eendatorirea de slujitor al Sf\u00e2ntului Altar. Din reac\u021bia enoria\u0219ilor se vede c\u0103 nimeni nu dore\u0219te ca parohul bisericii lor s\u0103 fie schimbat, oamenii sunt gata s\u0103-\u0219i apere cu disperare p\u0103rintele.<\/p>\n<p><em>Surs\u0103: <a href=\"https:\/\/t.me\/chrisma_center\/4618\"><strong>Canalul de Telegram \u0426\u0435\u043d\u0442\u0440 \u00ab\u0425\u0440\u0438\u0437\u043c\u0430\u00bb<\/strong><\/a><\/em><\/p>\n","protected":false},"excerpt":{"rendered":"<p>\u00cen Ucraina, \u00een satul Babin, regiunea Cern\u0103u\u021bi, administra\u021bia regional\u0103 de stat, f\u0103r\u0103 a solicita p\u0103rerea enoria\u0219ilor, a decis transferarea loca\u0219ului de aici&hellip;<\/p>\n","protected":false},"author":3,"featured_media":11641,"comment_status":"open","ping_status":"closed","sticky":false,"template":"","format":"standard","meta":{"_lmt_disableupdate":"","_lmt_disable":"","slim_seo":{"title":"\u00cen Ucraina, poli\u021bia l-a b\u0103tut pe parohul unul sf\u00e2nt loca\u0219 doar pentru c\u0103 p\u0103rintele a r\u0103mas credincios Bisericii canonice (VIDEO) - traditia.md","description":"\u00cen Ucraina, \u00een satul Babin, regiunea Cern\u0103u\u021bi, administra\u021bia regional\u0103 de stat, f\u0103r\u0103 a solicita p\u0103rerea enoria\u0219ilor, a decis transferarea loca\u0219ului de aici al B"},"footnotes":""},"categories":[40,38],"tags":[],"class_list":["post-11643","post","type-post","status-publish","format-standard","has-post-thumbnail","hentry","category-apararea-credintei","category-stiri"],"_links":{"self":[{"href":"https:\/\/traditia.md\/ro\/wp-json\/wp\/v2\/posts\/11643","targetHints":{"allow":["GET"]}}],"collection":[{"href":"https:\/\/traditia.md\/ro\/wp-json\/wp\/v2\/posts"}],"about":[{"href":"https:\/\/traditia.md\/ro\/wp-json\/wp\/v2\/types\/post"}],"author":[{"embeddable":true,"href":"https:\/\/traditia.md\/ro\/wp-json\/wp\/v2\/users\/3"}],"replies":[{"embeddable":true,"href":"https:\/\/traditia.md\/ro\/wp-json\/wp\/v2\/comments?post=11643"}],"version-history":[{"count":0,"href":"https:\/\/traditia.md\/ro\/wp-json\/wp\/v2\/posts\/11643\/revisions"}],"wp:featuredmedia":[{"embeddable":true,"href":"https:\/\/traditia.md\/ro\/wp-json\/wp\/v2\/media\/11641"}],"wp:attachment":[{"href":"https:\/\/traditia.md\/ro\/wp-json\/wp\/v2\/media?parent=11643"}],"wp:term":[{"taxonomy":"category","embeddable":true,"href":"https:\/\/traditia.md\/ro\/wp-json\/wp\/v2\/categories?post=11643"},{"taxonomy":"post_tag","embeddable":true,"href":"https:\/\/traditia.md\/ro\/wp-json\/wp\/v2\/tags?post=11643"}],"curies":[{"name":"wp","href":"https:\/\/api.w.org\/{rel}","templated":true}]}}