{"id":10986,"date":"2023-03-02T18:00:36","date_gmt":"2023-03-02T15:00:36","guid":{"rendered":"https:\/\/traditia.md\/?p=10986"},"modified":"2023-03-02T18:02:52","modified_gmt":"2023-03-02T15:02:52","slug":"rabinul-sef-al-ierusalimului-cutremurele-au-loc-din-cauza-desfranarii-lgbt","status":"publish","type":"post","link":"https:\/\/traditia.md\/ro\/rabinul-sef-al-ierusalimului-cutremurele-au-loc-din-cauza-desfranarii-lgbt\/","title":{"rendered":"Rabinul-\u0219ef al Ierusalimului: Cutremurele au loc din cauza desfr\u00e2n\u0103rii LGBT"},"content":{"rendered":"<p>Rabinul-\u0219ef al Ierusalimului, Shlomo Amar, \u00een trecut rabinul-\u0219ef sefarzilor Israelului, a declarat c\u0103 \u00een prezent cutremurele din \u00eentreaga lume se produc din cauza \u201esodomiei \u0219i deprav\u0103rii cauzate de ac\u021biunile comunit\u0103\u021bii LGBT\u201d, relateaz\u0103 <em>deita.ru<\/em>.<\/p>\n<p>\u201eDin p\u0103cate, ne lupt\u0103m pentru a egaliza aceste persoane \u00een drepturi \u0219i pentru a le facilita c\u0103s\u0103toriile \u2013 eu \u00eendemn guvernul \u0219i judec\u0103torii s\u0103 nu aprobe asemenea comportament\u201d, \u00eei citeaz\u0103 pe rabin <em>detaly.co.il.<\/em><\/p>\n<p>Amar subliniaz\u0103 c\u0103 dezastrele naturale se datoreaz\u0103 \u201enelegiuirii omului\u201d. \u201eDumnezeu ne-a ar\u0103tat ce face \u00een c\u00e2teva secunde. Cum putem r\u0103m\u00e2ne indiferen\u021bi, unde este responsabilitatea fa\u021b\u0103 de oameni?\u201d, se \u00eentreab\u0103 rabinul.<\/p>\n<p>Anterior Shlomo Amar i-a numit pe reprezentan\u021bii LGBT o \u201esect\u0103 tic\u0103loas\u0103\u201d.<\/p>\n<p>La \u00eenceputul anului 2023, el i-a criticat aspru pe membrii Knessetului (parlamentului) care l-au ales \u00een func\u021bia de spicher pe Amir Ohana, acesta fiind \u201ec\u0103s\u0103torit\u201d cu un b\u0103rbat.<\/p>\n<p style=\"text-align: right;\"><em>Sursa: <a href=\"https:\/\/spzh.news\/ru\/news\/72164-hlavnyj-ravvin-ierusalima-zemletrjasenija-proiskhodjat-iz-za-razvrata-lhbt\"><strong>Uniunea Jurnali\u0219tilor Ortodoc\u0219i<\/strong><\/a><\/em><\/p>\n","protected":false},"excerpt":{"rendered":"<p>Rabinul-\u0219ef al Ierusalimului, Shlomo Amar, \u00een trecut rabinul-\u0219ef sefarzilor Israelului, a declarat c\u0103 \u00een prezent cutremurele din \u00eentreaga lume se produc din&hellip;<\/p>\n","protected":false},"author":3,"featured_media":10984,"comment_status":"open","ping_status":"closed","sticky":false,"template":"","format":"standard","meta":{"_lmt_disableupdate":"","_lmt_disable":"","slim_seo":{"title":"Rabinul-\u0219ef al Ierusalimului: Cutremurele au loc din cauza desfr\u00e2n\u0103rii LGBT - traditia.md","description":"Rabinul-\u0219ef al Ierusalimului, Shlomo Amar, \u00een trecut rabinul-\u0219ef sefarzilor Israelului, a declarat c\u0103 \u00een prezent cutremurele din \u00eentreaga lume se produc din cau"},"footnotes":""},"categories":[39,38],"tags":[],"class_list":["post-10986","post","type-post","status-publish","format-standard","has-post-thumbnail","hentry","category-biserica-si-societatea","category-stiri"],"_links":{"self":[{"href":"https:\/\/traditia.md\/ro\/wp-json\/wp\/v2\/posts\/10986","targetHints":{"allow":["GET"]}}],"collection":[{"href":"https:\/\/traditia.md\/ro\/wp-json\/wp\/v2\/posts"}],"about":[{"href":"https:\/\/traditia.md\/ro\/wp-json\/wp\/v2\/types\/post"}],"author":[{"embeddable":true,"href":"https:\/\/traditia.md\/ro\/wp-json\/wp\/v2\/users\/3"}],"replies":[{"embeddable":true,"href":"https:\/\/traditia.md\/ro\/wp-json\/wp\/v2\/comments?post=10986"}],"version-history":[{"count":0,"href":"https:\/\/traditia.md\/ro\/wp-json\/wp\/v2\/posts\/10986\/revisions"}],"wp:featuredmedia":[{"embeddable":true,"href":"https:\/\/traditia.md\/ro\/wp-json\/wp\/v2\/media\/10984"}],"wp:attachment":[{"href":"https:\/\/traditia.md\/ro\/wp-json\/wp\/v2\/media?parent=10986"}],"wp:term":[{"taxonomy":"category","embeddable":true,"href":"https:\/\/traditia.md\/ro\/wp-json\/wp\/v2\/categories?post=10986"},{"taxonomy":"post_tag","embeddable":true,"href":"https:\/\/traditia.md\/ro\/wp-json\/wp\/v2\/tags?post=10986"}],"curies":[{"name":"wp","href":"https:\/\/api.w.org\/{rel}","templated":true}]}}