{"id":10952,"date":"2023-02-28T13:30:58","date_gmt":"2023-02-28T10:30:58","guid":{"rendered":"https:\/\/traditia.md\/?p=10952"},"modified":"2023-02-28T13:31:42","modified_gmt":"2023-02-28T10:31:42","slug":"tanara-marcela-paladi-are-nevoie-de-ajutorul-oamenilor","status":"publish","type":"post","link":"https:\/\/traditia.md\/ro\/tanara-marcela-paladi-are-nevoie-de-ajutorul-oamenilor\/","title":{"rendered":"T\u00e2n\u0103ra Marcela Paladi are nevoie de ajutorul oamenilor!"},"content":{"rendered":"<p><strong><em>\u00cen a doua parte a zilei de duminic\u0103, 26 februarie 2023, episcopul Ioan de Soroca, vicar al Mitropoliei Moldovei a vizitat-o la domiciliu pe Marcela Paladi, t\u00e2n\u0103ra care la 6 februarie anul curent, \u00een urma unui cumplit accident rutier produs \u00een capital\u0103, \u0219i-a pierdut ambele picioare.<\/em><\/strong><\/p>\n<p><strong>Preasfin\u021bitul Ioan:<\/strong> Dialogul pe care l-am avut ast\u0103zi cu Marcela a devenit pentru mine o lec\u021bie a r\u0103bd\u0103rii \u0219i a smereniei, a credin\u021bei \u0219i a n\u0103dejdii, dar mai ales a Dragostei pentru Dumnezeu \u0219i pentru oameni.<\/p>\n<p>Marcela mi-a zis c\u0103 Dumnezeu i-a pus \u00een fa\u021b\u0103 o nou\u0103 cruce a vie\u021bii, pe care o va purta \u00eempreun\u0103 cu Hristos.<\/p>\n<p>Nu a c\u00e2rtit nicio clip\u0103 pentru ceea ce i s-a \u00eent\u00e2mplat.<\/p>\n<p>Va continua s\u0103 parcurg\u0103 calea vie\u021bii cu ajutorul M\u00e2ntuitorului, Cel care este <em>\u201eCalea, Adev\u0103rul \u0219i Via\u021ba\u201d<\/em> (In. 14:6).<\/p>\n<p>T\u00e2n\u0103ra Marcela Paladi are nevoie de ajutorul oamenilor!<\/p>\n<p>Vicariatul de Soroca a oferit o modest\u0103 contribu\u021bie financiar\u0103 \u00een valoare de 30000 lei.<\/p>\n<p><strong><em>S\u0103 o sprijinim pe Marcela \u00een aceast\u0103 crunt\u0103 \u00eencercare a vie\u021bii!<\/em><\/strong><\/p>\n<p><strong>EURO<br \/>\n<\/strong>Marcela Mole\u0219teanu<br \/>\nNr. Card: 5188 9402 8819 0549<br \/>\nBIC: MOLDMD2X334<br \/>\nSWIFT: MOLDMD2X<br \/>\nIBAN: MD33ML000002259A34608081<\/p>\n<p><strong>USD<br \/>\n<\/strong>Marcela Mole\u0219teanu<br \/>\nNr. Card: 4028 1202 5574 4878<br \/>\nBIC: MOLDMD2X334<br \/>\nSWIFT: MOLDMD2X<br \/>\nIBAN: MD21ML000002259A34608103<\/p>\n<p><strong>MDL<br \/>\n<\/strong>Marcela Mole\u0219teanu<br \/>\nNr. Card: 4028 1202 6852 2477<br \/>\nBIC: MOLDMD2X334<br \/>\nIBAN: MD75ML000002259A34608101<\/p>\n<p><strong>Lire Sterline<br \/>\n<\/strong>HSBC<br \/>\nL Paladi<br \/>\n40-28-06<br \/>\n54682491<\/p>\n<p><strong>PAYPAL<\/strong>: palladimarcela@gmail.com<\/p>\n<p><strong>Revolut<\/strong>: @marcellamp<\/p>\n<p style=\"text-align: right;\"><em>Sursa: <a href=\"https:\/\/mitropolia.md\/tanara-marcela-paladi-are-nevoie-de-ajutorul-oamenilor\/\"><strong>Mitropolia Chi\u0219in\u0103ului \u0219i a \u00eentregii Moldove<\/strong><\/a><\/em><\/p>\n","protected":false},"excerpt":{"rendered":"<p>\u00cen a doua parte a zilei de duminic\u0103, 26 februarie 2023, episcopul Ioan de Soroca, vicar al Mitropoliei Moldovei a vizitat-o la&hellip;<\/p>\n","protected":false},"author":3,"featured_media":10950,"comment_status":"open","ping_status":"closed","sticky":false,"template":"","format":"standard","meta":{"_lmt_disableupdate":"","_lmt_disable":"","slim_seo":{"title":"T\u00e2n\u0103ra Marcela Paladi are nevoie de ajutorul oamenilor! - traditia.md","description":"\u00cen a doua parte a zilei de duminic\u0103, 26 februarie 2023, episcopul Ioan de Soroca, vicar al Mitropoliei Moldovei a vizitat-o la domiciliu pe Marcela Paladi, t\u00e2n\u0103"},"footnotes":""},"categories":[39,38],"tags":[],"class_list":["post-10952","post","type-post","status-publish","format-standard","has-post-thumbnail","hentry","category-biserica-si-societatea","category-stiri"],"_links":{"self":[{"href":"https:\/\/traditia.md\/ro\/wp-json\/wp\/v2\/posts\/10952","targetHints":{"allow":["GET"]}}],"collection":[{"href":"https:\/\/traditia.md\/ro\/wp-json\/wp\/v2\/posts"}],"about":[{"href":"https:\/\/traditia.md\/ro\/wp-json\/wp\/v2\/types\/post"}],"author":[{"embeddable":true,"href":"https:\/\/traditia.md\/ro\/wp-json\/wp\/v2\/users\/3"}],"replies":[{"embeddable":true,"href":"https:\/\/traditia.md\/ro\/wp-json\/wp\/v2\/comments?post=10952"}],"version-history":[{"count":0,"href":"https:\/\/traditia.md\/ro\/wp-json\/wp\/v2\/posts\/10952\/revisions"}],"wp:featuredmedia":[{"embeddable":true,"href":"https:\/\/traditia.md\/ro\/wp-json\/wp\/v2\/media\/10950"}],"wp:attachment":[{"href":"https:\/\/traditia.md\/ro\/wp-json\/wp\/v2\/media?parent=10952"}],"wp:term":[{"taxonomy":"category","embeddable":true,"href":"https:\/\/traditia.md\/ro\/wp-json\/wp\/v2\/categories?post=10952"},{"taxonomy":"post_tag","embeddable":true,"href":"https:\/\/traditia.md\/ro\/wp-json\/wp\/v2\/tags?post=10952"}],"curies":[{"name":"wp","href":"https:\/\/api.w.org\/{rel}","templated":true}]}}