{"id":10852,"date":"2023-02-22T10:26:23","date_gmt":"2023-02-22T07:26:23","guid":{"rendered":"https:\/\/traditia.md\/?p=10852"},"modified":"2023-02-22T10:27:14","modified_gmt":"2023-02-22T07:27:14","slug":"ora-publica-de-religie-la-gimnaziul-din-radeni","status":"publish","type":"post","link":"https:\/\/traditia.md\/ro\/ora-publica-de-religie-la-gimnaziul-din-radeni\/","title":{"rendered":"Or\u0103 public\u0103 de Religie la Gimnaziul din R\u0103deni"},"content":{"rendered":"<p><strong><em>La 16 februarie 2023, \u00een incinta Institu\u021biei Publice Gimnaziul R\u0103deni, profesoara de Religie, preoteasa Olesea Manole, a sus\u021binut \u00een cadrul procesului de atestare o lec\u021bie public\u0103 cu elevii clasei a III-a la subiectul \u201eDuminica \u2013 ziua Domnului\u201d. De asemenea, de c\u0103tre ea a fost organizat\u0103 o ac\u021biune extra\u0219colar\u0103 dedicat\u0103 mamei cu elevii claselor a II-a \u2013 a IX-a. <\/em><\/strong><\/p>\n<p>Lec\u021bia cu elevii clasei a III-a a demonstrat rela\u021bia apropiat\u0103 dintre elevi \u0219i profesoara de religie, precum \u0219i ata\u0219area acestora fa\u021b\u0103 de disciplina op\u021bional\u0103 religie. Scopul lec\u021biei \u201eDuminica \u2013 ziua Domnului\u201d a fost con\u0219tientizarea de c\u0103tre elevi a modului \u00een care un cre\u0219tin trebuie s\u0103 petreac\u0103 aceast\u0103 zi. \u00cen cadrul lec\u021biei elevii au descoperit motivele biblice ale cinstirii zilei de duminic\u0103 precum \u0219i istoricul devenirii acesteia drept zi de odihn\u0103, nu doar pentru noi, cei de ast\u0103zi, dar \u0219i pentru locuitorii Imperiului Roman din timpul \u00eemp\u0103ratului Constantin cel Mare.<\/p>\n<p>Ac\u021biunea extra\u0219colar\u0103 cu genericul \u201eMama, mama mea cre\u0219tin\u0103\u201d \u0219i-a propus s\u0103 promoveze importan\u021ba femeii pentru societatea contemporan\u0103. Activitatea a atins strunele suflete\u0219ti ale elevilor \u0219i profesorilor participan\u021bi, fiecare reg\u0103sindu-se \u00een versurile recitate. Scopul activit\u0103\u021bii a fost nu doar educarea respectului fa\u021b\u0103 de mam\u0103, dar \u0219i educarea dragostei \u0219i a respectului fa\u021b\u0103 de familie \u2013 cardul ideal pentru socializarea fiin\u021bei umane, ale perpetu\u0103rii tradi\u021biilor \u0219i a valorilor specifice familiei cre\u0219tine.<\/p>\n<p>Activit\u0103\u021bile organizate au fost asistate de membrii comisiei de atestare a institu\u021biei de \u00eenv\u0103\u021b\u0103m\u00e2nt: Veaceslav Iordachescu, \u0219ef al Cabinetului metodic mitropolitan, profesor de religie grad didactic I (unu) \u0219i preotul Ion Goncear, metodist al protopopiatului Str\u0103\u0219eni. Activit\u0103\u021bile desf\u0103\u0219urate au fost evaluate de c\u0103tre membrii comisiei cu calificativul \u201eFoarte bine\u201d.<\/p>\n<p>Anterior, Gimnaziul din R\u0103deni s-a \u00eenvrednicit de diplom\u0103 mitropolitan\u0103 pentru sus\u021binerea demersului de studiere a disciplinei op\u021bionale Religie, iar directoarea institu\u021biei de \u00eenv\u0103\u021b\u0103m\u00e2nt, Galina Panfil, pentru contribu\u021bia adus\u0103 la r\u0103sp\u00e2ndirea perceptelor evanghelice \u00een r\u00e2ndurile genera\u021biei \u00een cre\u0219tere a fost cu binecuv\u00e2ntarea \u00cenaltpreasfin\u021bitului Vladimir decorat\u0103 cu medalia \u201eFericita Agafia\u201d.<\/p>\n<p>De men\u021bionat c\u0103 Gimnaziul din R\u0103deni al\u0103turi de Gimnaziul din Voinova sunt dou\u0103 institu\u021bii model la nivelul raionului Str\u0103\u0219eni \u00een realizarea parteneriatului \u0219coal\u0103-biseric\u0103. \u00cen cele dou\u0103 institu\u021bii disciplina op\u021bional\u0103 Religie se reg\u0103se\u0219te \u00een orarul elevilor de mai bine de zece ani, fapt pentru care ambele au fost decorate cu diplome mitropolitane.<\/p>\n<p style=\"text-align: right;\"><em>Sursa: <a href=\"https:\/\/mitropolia.md\/ora-publica-la-religie-in-institutia-publica-gimnaziul-radeni\/\"><strong>Mitropolia Chi\u0219in\u0103ului \u0219i a \u00eentregii Moldove<\/strong><\/a><\/em><\/p>\n","protected":false},"excerpt":{"rendered":"<p>La 16 februarie 2023, \u00een incinta Institu\u021biei Publice Gimnaziul R\u0103deni, profesoara de Religie, preoteasa Olesea Manole, a sus\u021binut \u00een cadrul procesului de&hellip;<\/p>\n","protected":false},"author":3,"featured_media":10850,"comment_status":"open","ping_status":"closed","sticky":false,"template":"","format":"standard","meta":{"_lmt_disableupdate":"","_lmt_disable":"","slim_seo":{"title":"Or\u0103 public\u0103 de Religie la Gimnaziul din R\u0103deni - traditia.md","description":"La 16 februarie 2023, \u00een incinta Institu\u021biei Publice Gimnaziul R\u0103deni, profesoara de Religie, preoteasa Olesea Manole, a sus\u021binut \u00een cadrul procesului de atesta"},"footnotes":""},"categories":[39,38],"tags":[],"class_list":["post-10852","post","type-post","status-publish","format-standard","has-post-thumbnail","hentry","category-biserica-si-societatea","category-stiri"],"_links":{"self":[{"href":"https:\/\/traditia.md\/ro\/wp-json\/wp\/v2\/posts\/10852","targetHints":{"allow":["GET"]}}],"collection":[{"href":"https:\/\/traditia.md\/ro\/wp-json\/wp\/v2\/posts"}],"about":[{"href":"https:\/\/traditia.md\/ro\/wp-json\/wp\/v2\/types\/post"}],"author":[{"embeddable":true,"href":"https:\/\/traditia.md\/ro\/wp-json\/wp\/v2\/users\/3"}],"replies":[{"embeddable":true,"href":"https:\/\/traditia.md\/ro\/wp-json\/wp\/v2\/comments?post=10852"}],"version-history":[{"count":0,"href":"https:\/\/traditia.md\/ro\/wp-json\/wp\/v2\/posts\/10852\/revisions"}],"wp:featuredmedia":[{"embeddable":true,"href":"https:\/\/traditia.md\/ro\/wp-json\/wp\/v2\/media\/10850"}],"wp:attachment":[{"href":"https:\/\/traditia.md\/ro\/wp-json\/wp\/v2\/media?parent=10852"}],"wp:term":[{"taxonomy":"category","embeddable":true,"href":"https:\/\/traditia.md\/ro\/wp-json\/wp\/v2\/categories?post=10852"},{"taxonomy":"post_tag","embeddable":true,"href":"https:\/\/traditia.md\/ro\/wp-json\/wp\/v2\/tags?post=10852"}],"curies":[{"name":"wp","href":"https:\/\/api.w.org\/{rel}","templated":true}]}}