{"id":10831,"date":"2023-02-20T15:02:06","date_gmt":"2023-02-20T12:02:06","guid":{"rendered":"https:\/\/traditia.md\/?p=10831"},"modified":"2023-02-20T15:03:31","modified_gmt":"2023-02-20T12:03:31","slug":"daca-animalul-nu-este-ranit-bestialitatea-este-legalizata-in-spania","status":"publish","type":"post","link":"https:\/\/traditia.md\/ro\/daca-animalul-nu-este-ranit-bestialitatea-este-legalizata-in-spania\/","title":{"rendered":"Dac\u0103 animalul nu este r\u0103nit: bestialitatea este legalizat\u0103 \u00een Spania"},"content":{"rendered":"<p>Noua lege pentru protec\u021bia animalelor propus\u0103 de ministrul spaniol al afacerilor sociale, Ione Belarra, a fost aprobat\u0103 de Congres la 9 februarie 2023, potrivit <em>libertaddigital.com.<\/em><\/p>\n<p>Bestialitatea, adic\u0103 sexul cu animale, care p\u00e2n\u0103 \u00een prezent era considerat\u0103 infrac\u021biune, nu mai este calificat\u0103 astfel \u00een temeiul reformei Codului penal \u00een partea cu privire la cruzimea fa\u021b\u0103 de animale, cu condi\u021bia s\u0103 nu se pricinuiasc\u0103 vreun r\u0103u animalului.<\/p>\n<p>\u00cen anul 2015, Congresul a aprobat o reform\u0103 a Codului Penal \u00een vederea m\u0103ririi pedepsei pentru cruzimea fa\u021b\u0103 de animale \u0219i pentru exploatarea sexual\u0103 a animalelor.<\/p>\n<p>Potrivit publica\u021biei, la acea vreme se credea c\u0103 animalele, ca \u0219i copiii, nu au capacitatea de a-\u0219i da consim\u021b\u0103m\u00e2ntul, a\u0219a c\u0103 bestialitatea a fost clasificat\u0103 ca o nou\u0103 infrac\u021biune care implic\u0103 exploatarea sexual\u0103 a animalelor, indiferent de gravitatea v\u0103t\u0103m\u0103rii cauzate.<\/p>\n<p>De acum \u00eenainte, \u00eens\u0103, ea va fi pedepsit\u0103 doar dac\u0103 a provocat animalului o r\u0103nire care necesit\u0103 tratament veterinar.<\/p>\n<p>\u201eEste surprinz\u0103tor c\u0103 aceast\u0103 ini\u021biativ\u0103 vine de la partidul United We Can, care a stabilit c\u0103 \u0219i c\u00e2inii, \u0219i pisicile \u0219i alte animale ar trebui considerate fiin\u021be sim\u021bitoare sau fiin\u021be vii dotate cu sensibilitate\u201d, a concluzionat publica\u021bia.<\/p>\n<p style=\"text-align: right;\"><em>\u00cen imagine: Ione Belarra<\/em><\/p>\n<p style=\"text-align: right;\"><em>Surs\u0103: <a href=\"https:\/\/spzh.news\/ru\/news\/71965-esli-ne-prichinjaetsja-vred-zhivotnomu-v-ispanii-lehalizujut-zoofiliju\"><strong>Uniunea Jurnali\u0219tilor Ortodoc\u0219i<\/strong><\/a><\/em><\/p>\n","protected":false},"excerpt":{"rendered":"<p>Noua lege pentru protec\u021bia animalelor propus\u0103 de ministrul spaniol al afacerilor sociale, Ione Belarra, a fost aprobat\u0103 de Congres la 9 februarie&hellip;<\/p>\n","protected":false},"author":3,"featured_media":10829,"comment_status":"open","ping_status":"closed","sticky":false,"template":"","format":"standard","meta":{"_lmt_disableupdate":"","_lmt_disable":"","slim_seo":{"title":"Dac\u0103 animalul nu este r\u0103nit: bestialitatea este legalizat\u0103 \u00een Spania - traditia.md","description":"Noua lege pentru protec\u021bia animalelor propus\u0103 de ministrul spaniol al afacerilor sociale, Ione Belarra, a fost aprobat\u0103 de Congres la 9 februarie 2023, potrivit"},"footnotes":""},"categories":[44,38],"tags":[],"class_list":["post-10831","post","type-post","status-publish","format-standard","has-post-thumbnail","hentry","category-actualitate","category-stiri"],"_links":{"self":[{"href":"https:\/\/traditia.md\/ro\/wp-json\/wp\/v2\/posts\/10831","targetHints":{"allow":["GET"]}}],"collection":[{"href":"https:\/\/traditia.md\/ro\/wp-json\/wp\/v2\/posts"}],"about":[{"href":"https:\/\/traditia.md\/ro\/wp-json\/wp\/v2\/types\/post"}],"author":[{"embeddable":true,"href":"https:\/\/traditia.md\/ro\/wp-json\/wp\/v2\/users\/3"}],"replies":[{"embeddable":true,"href":"https:\/\/traditia.md\/ro\/wp-json\/wp\/v2\/comments?post=10831"}],"version-history":[{"count":0,"href":"https:\/\/traditia.md\/ro\/wp-json\/wp\/v2\/posts\/10831\/revisions"}],"wp:featuredmedia":[{"embeddable":true,"href":"https:\/\/traditia.md\/ro\/wp-json\/wp\/v2\/media\/10829"}],"wp:attachment":[{"href":"https:\/\/traditia.md\/ro\/wp-json\/wp\/v2\/media?parent=10831"}],"wp:term":[{"taxonomy":"category","embeddable":true,"href":"https:\/\/traditia.md\/ro\/wp-json\/wp\/v2\/categories?post=10831"},{"taxonomy":"post_tag","embeddable":true,"href":"https:\/\/traditia.md\/ro\/wp-json\/wp\/v2\/tags?post=10831"}],"curies":[{"name":"wp","href":"https:\/\/api.w.org\/{rel}","templated":true}]}}