{"id":10823,"date":"2023-02-20T14:14:24","date_gmt":"2023-02-20T11:14:24","guid":{"rendered":"https:\/\/traditia.md\/?p=10823"},"modified":"2023-02-20T14:14:24","modified_gmt":"2023-02-20T11:14:24","slug":"la-crestini-a-inceput-saptamana-branzei-sau-saptamana-alba","status":"publish","type":"post","link":"https:\/\/traditia.md\/ro\/la-crestini-a-inceput-saptamana-branzei-sau-saptamana-alba\/","title":{"rendered":"La cre\u0219tini a \u00eenceput s\u0103pt\u0103m\u00e2na br\u00e2nzei sau s\u0103pt\u0103m\u00e2na alb\u0103"},"content":{"rendered":"<p><strong><em>Aceast\u0103 ultim\u0103 s\u0103pt\u0103m\u00e2n\u0103, de la 20 p\u00e2n\u0103 la 26 februarie 2023, fiind una preg\u0103titoare pentru Postul Mare, are o r\u00e2nduial\u0103 special\u0103 at\u00e2t din punct de vedere liturgic, dar \u015fi practic.<\/em><\/strong><\/p>\n<p>\u00cen aceste zile nu se mai m\u0103n\u00e2nc\u0103 produse \u015fi preparate din carne. Hrana va exclude carnea, dar produsele lactate, ou\u0103 \u015fi pe\u015fte se vor putea consuma inclusiv miercurea \u015fi vinerea. Aceasta se face cu \u00een\u0163elepciune, pentru c\u0103 trecerea lent\u0103 spre zilele de post negru din prima s\u0103pt\u0103m\u00e2n\u0103 a Postului Mare nu va perturba s\u0103n\u0103tatea \u015fi buna func\u0163ionare a organismului. \u00cen acela\u015fi sens, de\u015fi miercuri \u015fi vineri se poate m\u00e2nca \u015fi lactate, ou\u0103, pe\u015fte, aceasta se face doar dup\u0103 ajunare. Din aceast\u0103 cauz\u0103 nici Liturghia nu se s\u0103v\u00e2r\u015fe\u015fte \u00een aceste dou\u0103 zile, pentru postul special care se \u0163ine.<\/p>\n<p>De miercuri a \u00eenceput \u015fi rostirea rug\u0103ciunii Sf\u00e2ntului Efrem Sirul, <strong><em>\u201eDoamne \u015fi St\u0103p\u00e2nul vie\u0163ii mele\u2026\u201d<\/em><\/strong>, rug\u0103ciune specific\u0103 Postului Mare. \u00cen seara Duminicii Izgonirii lui Adam din Rai se s\u0103v\u00e2r\u015fe\u015fte r\u00e2nduiala iert\u0103rii, c\u0103ci, a\u015fa cum spune Evanghelia duminicii respective, doar prin iertarea \u015fi nejudecarea celuilalt primim \u015fi noi iertare \u015fi nu vom mai fi judeca\u0163i.<\/p>\n<p>S\u0103pt\u0103m\u00e2na Alb\u0103 nu trebuie confundat\u0103 cu S\u0103pt\u0103m\u00e2na Luminat\u0103, prima dup\u0103 Sfintele Pa\u015fti. Dac\u0103 atunci totul va fi luminat de \u00cenvierea lui Hristos, acum doar ne hr\u0103nim cu hran\u0103 alb\u0103. Aceste alimente sunt foarte bune pentru organism, ele furniz\u00e2nd nutrien\u0163i esen\u0163iali pentru o cre\u015ftere armonioas\u0103, de aceea se \u015fi recomand\u0103 consumarea lor \u00een aceast\u0103 perioad\u0103 de accentuare a vie\u0163ii duhovnice\u015fti. Astfel, prin renun\u0163area la consumul de gr\u0103simi animale \u2013 dar prin cre\u015fterea ingestiei de gr\u0103simi esen\u0163iale organismului care se g\u0103sesc \u00een pe\u015ftele gras \u2013 creierul se hr\u0103ne\u015fte pentru o mai bun\u0103 \u00een\u0163elegere a adev\u0103rurilor divine, iar s\u00e2ngele se sub\u0163iaz\u0103 pentru o mai bun\u0103 circula\u0163ie a vie\u0163ii \u015fi hranei \u00een \u00eentregul organism. Prin vitaminele liposolubile din aceste produse, ochiul se hr\u0103ne\u015fte pentru perceperea \u015fi discernerea realit\u0103\u0163ilor duhovnice\u015fti. Dac\u0103 prin calciu, care se absoarbe mai bine din produsele lactate acide \u2013 acre, se mineralizeaz\u0103 \u015fi se dezvolt\u0103 scheletul ce sus\u0163ine corpul, prin post se des\u0103v\u00e2r\u015fe\u015fte verticalitatea moral\u0103 a persoanei.<\/p>\n<p>Se observ\u0103 astfel c\u0103 alimenta\u0163ia r\u00e2nduit\u0103 de Sfin\u0163ii P\u0103rin\u0163i, pe l\u00e2ng\u0103 efectele pozitive, sanogene, asupra trupului, au \u015fi importante efecte pe plan duhovnicesc. Prin aceasta se \u00een\u0163elege mai bine r\u00e2nduiala Bisericii care pre\u0163uie\u015fte trupul, templul lui Dumnezeu, dar \u00eel strune\u015fte mai ales spre ceea ce \u00eei este de folos \u015fi binef\u0103c\u0103tor, \u015fi nu spre ceea ce este doar pl\u0103cut, dar nefolositor sau chiar d\u0103un\u0103tor.<\/p>\n<p>Biserica promoveaz\u0103 o r\u00e2nduial\u0103 normal\u0103 \u015fi natural\u0103 pentru om, acuz\u00e2nd excesele care vin din prea mult sau prea pu\u0163in. Via\u0163a cre\u015ftinului trebuie s\u0103 fie calea de mijloc ce conduce la dreapta \u00een\u0163elegere \u015fi tr\u0103ire a lui Dumnezeu.<\/p>\n<p style=\"text-align: right;\"><em>Sursa: <strong>Portalul \u201e<a href=\"https:\/\/ortodox.md\/saptamana-branzei-sau-saptamana-alba\/\">Moldova Ortodox\u0103<\/a>\u201d<\/strong><\/em><\/p>\n","protected":false},"excerpt":{"rendered":"<p>Aceast\u0103 ultim\u0103 s\u0103pt\u0103m\u00e2n\u0103, de la 20 p\u00e2n\u0103 la 26 februarie 2023, fiind una preg\u0103titoare pentru Postul Mare, are o r\u00e2nduial\u0103 special\u0103 at\u00e2t&hellip;<\/p>\n","protected":false},"author":3,"featured_media":10824,"comment_status":"open","ping_status":"closed","sticky":false,"template":"","format":"standard","meta":{"_lmt_disableupdate":"","_lmt_disable":"","slim_seo":{"title":"La cre\u0219tini a \u00eenceput s\u0103pt\u0103m\u00e2na br\u00e2nzei sau s\u0103pt\u0103m\u00e2na alb\u0103 - traditia.md","description":"Aceast\u0103 ultim\u0103 s\u0103pt\u0103m\u00e2n\u0103, de la 20 p\u00e2n\u0103 la 26 februarie 2023, fiind una preg\u0103titoare pentru Postul Mare, are o r\u00e2nduial\u0103 special\u0103 at\u00e2t din punct de vedere litur"},"footnotes":""},"categories":[39,38],"tags":[],"class_list":["post-10823","post","type-post","status-publish","format-standard","has-post-thumbnail","hentry","category-biserica-si-societatea","category-stiri"],"_links":{"self":[{"href":"https:\/\/traditia.md\/ro\/wp-json\/wp\/v2\/posts\/10823","targetHints":{"allow":["GET"]}}],"collection":[{"href":"https:\/\/traditia.md\/ro\/wp-json\/wp\/v2\/posts"}],"about":[{"href":"https:\/\/traditia.md\/ro\/wp-json\/wp\/v2\/types\/post"}],"author":[{"embeddable":true,"href":"https:\/\/traditia.md\/ro\/wp-json\/wp\/v2\/users\/3"}],"replies":[{"embeddable":true,"href":"https:\/\/traditia.md\/ro\/wp-json\/wp\/v2\/comments?post=10823"}],"version-history":[{"count":0,"href":"https:\/\/traditia.md\/ro\/wp-json\/wp\/v2\/posts\/10823\/revisions"}],"wp:featuredmedia":[{"embeddable":true,"href":"https:\/\/traditia.md\/ro\/wp-json\/wp\/v2\/media\/10824"}],"wp:attachment":[{"href":"https:\/\/traditia.md\/ro\/wp-json\/wp\/v2\/media?parent=10823"}],"wp:term":[{"taxonomy":"category","embeddable":true,"href":"https:\/\/traditia.md\/ro\/wp-json\/wp\/v2\/categories?post=10823"},{"taxonomy":"post_tag","embeddable":true,"href":"https:\/\/traditia.md\/ro\/wp-json\/wp\/v2\/tags?post=10823"}],"curies":[{"name":"wp","href":"https:\/\/api.w.org\/{rel}","templated":true}]}}