{"id":10806,"date":"2023-02-19T10:36:01","date_gmt":"2023-02-19T07:36:01","guid":{"rendered":"https:\/\/traditia.md\/?p=10806"},"modified":"2023-02-19T10:36:39","modified_gmt":"2023-02-19T07:36:39","slug":"si-vor-merge-acestia-la-osanda-vesnica-iar-dreptii-la-viata-vesnica","status":"publish","type":"post","link":"https:\/\/traditia.md\/ro\/si-vor-merge-acestia-la-osanda-vesnica-iar-dreptii-la-viata-vesnica\/","title":{"rendered":"\u015ei vor merge ace\u015ftia la os\u00e2nd\u0103 ve\u015fnic\u0103, iar drep\u0163ii la via\u0163\u0103 ve\u015fnic\u0103"},"content":{"rendered":"<p><strong><em>19 februarie 2023 \u2013 Duminica l\u0103satului sec de carne, a \u00cenfrico\u0219\u0103toarei Judec\u0103\u021bi. La Dumnezeiasca Liturghie se cite\u0219te Sf\u00e2nta Evanghelie dup\u0103 Matei, capitolul 25, versetele 31-46.<\/em><\/strong><\/p>\n<p><em>C\u00e2nd va veni Fiul Omului \u00eentru slava Sa, \u015fi to\u0163i sfin\u0163ii \u00eengeri cu El, atunci va \u015fedea pe tronul slavei Sale.<br \/>\n\u015ei se vor aduna \u00eenaintea Lui toate neamurile \u015fi-i va desp\u0103r\u0163i pe unii de al\u0163ii, precum desparte p\u0103storul oile de capre.<br \/>\n\u015ei va pune oile de-a dreapta Sa, iar caprele de-a st\u00e2nga.<br \/>\nAtunci va zice \u00cemp\u0103ratul celor de-a dreapta Lui: Veni\u0163i, binecuv\u00e2nta\u0163ii Tat\u0103lui Meu, mo\u015fteni\u0163i \u00eemp\u0103r\u0103\u0163ia cea preg\u0103tit\u0103 vou\u0103 de la \u00eentemeierea lumii.<br \/>\nC\u0103ci fl\u0103m\u00e2nd am fost \u015fi Mi-a\u0163i dat s\u0103 m\u0103n\u00e2nc; \u00eensetat am fost \u015fi Mi-a\u0163i dat s\u0103 beau; str\u0103in am fost \u015fi M-a\u0163i primit;<br \/>\nGol am fost \u015fi M-a\u0163i \u00eembr\u0103cat; bolnav am fost \u015fi M-a\u0163i cercetat; \u00een temni\u0163\u0103 am fost \u015fi a\u0163i venit la Mine.<br \/>\nAtunci drep\u0163ii \u00cei vor r\u0103spunde, zic\u00e2nd: Doamne, c\u00e2nd Te-am v\u0103zut fl\u0103m\u00e2nd \u015fi Te-am hr\u0103nit? Sau \u00eensetat \u015fi \u0162i-am dat s\u0103 bei?<br \/>\nSau c\u00e2nd Te-am v\u0103zut str\u0103in \u015fi Te-am primit, sau gol \u015fi Te-am \u00eembr\u0103cat?<br \/>\nSau c\u00e2nd Te-am v\u0103zut bolnav sau \u00een temni\u0163\u0103 \u015fi am venit la Tine?<br \/>\nIar \u00cemp\u0103ratul, r\u0103spunz\u00e2nd, va zice c\u0103tre ei: Adev\u0103rat zic vou\u0103, \u00eentruc\u00e2t a\u0163i f\u0103cut unuia dintr-ace\u015fti fra\u0163i ai Mei, prea mici, Mie Mi-a\u0163i f\u0103cut.<br \/>\nAtunci va zice \u015fi celor de-a st\u00e2nga: Duce\u0163i-v\u0103 de la Mine, blestema\u0163ilor, \u00een focul cel ve\u015fnic, care este g\u0103tit diavolului \u015fi \u00eengerilor lui.<br \/>\nC\u0103ci fl\u0103m\u00e2nd am fost \u015fi nu Mi-a\u0163i dat s\u0103 m\u0103n\u00e2nc; \u00eensetat am fost \u015fi nu Mi-a\u0163i dat s\u0103 beau;<br \/>\nStr\u0103in am fost \u015fi nu M-a\u0163i primit; gol, \u015fi nu M-a\u0163i \u00eembr\u0103cat; bolnav \u015fi \u00een temni\u0163\u0103, \u015fi nu M-a\u0163i cercetat.<br \/>\nAtunci vor r\u0103spunde \u015fi ei, zic\u00e2nd: Doamne, c\u00e2nd Te-am v\u0103zut fl\u0103m\u00e2nd, sau \u00eensetat, sau str\u0103in, sau gol, sau bolnav, sau \u00een temni\u0163\u0103 \u015fi nu \u0162i-am slujit?<br \/>\nEl \u00eens\u0103 le va r\u0103spunde, zic\u00e2nd: Adev\u0103rat zic vou\u0103: \u00centruc\u00e2t nu a\u0163i f\u0103cut unuia dintre ace\u015fti prea mici, nici Mie nu Mi-a\u0163i f\u0103cut.<br \/>\n\u015ei vor merge ace\u015ftia la os\u00e2nd\u0103 ve\u015fnic\u0103, iar drep\u0163ii la via\u0163\u0103 ve\u015fnic\u0103.<\/em><\/p>\n<p><strong>T\u00e2lcuirea Sf\u00e2ntului Ieerarh Teofan Z\u0103vor\u00e2tul:<\/strong><\/p>\n<p>\u00cenfrico\u015fata judecat\u0103! Judec\u0103torul vine pe nori, \u00eenconjurat de mul\u0163ime nenum\u0103rat\u0103 de cere\u015fti \u015fi netrupe\u015fti puteri. Tr\u00e2mbi\u0163ele dau glas \u00een toate col\u0163urile p\u0103m\u00e2ntului \u015fi scoal\u0103 pe cei mor\u0163i. Cei \u00eenvia\u0163i se \u00eendreapt\u0103 cete-cete spre locul hot\u0103r\u00e2t, spre scaunul Judec\u0103torului, sim\u0163ind deja, dinainte, care va fi hot\u0103r\u00e2rea ce le va r\u0103suna \u00een urechi: c\u0103ci faptele fiec\u0103ruia apar scrise pe fruntea fiin\u0163ei lor \u015fi \u00eensu\u015fi felul cum vor ar\u0103ta va fi pe potriva faptelor \u015fi obiceiurilor lor. Desp\u0103r\u0163irea celor de-a st\u00e2nga de cei de-a dreapta se va face de la sine.<\/p>\n<p>\u00cen cele din urma, totul este hot\u0103r\u00e2t. O t\u0103cere ad\u00e2nc\u0103 se \u00eenst\u0103p\u00e2ne\u015fte. \u00cenc\u0103 o clip\u0103 \u015fi se aude hot\u0103r\u00e2rea din urm\u0103 a Judec\u0103torului \u2013 unora: \u201e<em>veni\u0163i<\/em>\u201d, celorlal\u0163i: \u201e<em>merge\u0163i de la Mine<\/em>.\u201d<\/p>\n<p>\u201eMiluie\u015fte-ne pe noi, Doamne, miluie\u015fte-ne pe noi! Fie mila Ta, Doamne, asupra noastr\u0103!\u201d \u2013 \u00eens\u0103 atunci va fi, deja, prea t\u00e2rziu pentru a mai striga astfel. Acum trebuie s\u0103 ne \u00eengrijim a \u015fterge din fiin\u0163a noastr\u0103 semnele de rea vie\u0163uire care sunt scrise \u00een ea.<\/p>\n<p>Atunci, vom fi gata s\u0103 v\u0103rs\u0103m r\u00e2uri de lacrimi pentru a ne sp\u0103la; dar asta nu va mai sluji la nimic. S\u0103 pl\u00e2ngem acum, dac\u0103 nu cu r\u00e2uri de lacrimi, m\u0103car cu p\u00e2r\u00e2ia\u015fe; dac\u0103 nu cu p\u00e2r\u00e2ia\u015fe, m\u0103car cu pic\u0103turi de ploaie; dac\u0103 nici m\u0103car acestea nu se vor afla, s\u0103 ne zdrobim cu inima \u015fi, m\u0103rturisindu-ne Domnului p\u0103catele, s\u0103 \u00eel rug\u0103m s\u0103 ni le ierte, f\u0103g\u0103duind s\u0103 nu-L mai \u00eentrist\u0103m prin c\u0103lcarea poruncilor Lui, \u015fi s\u0103 plinim cu r\u00e2vn\u0103, dup\u0103 aceea, aceast\u0103 f\u0103g\u0103duin\u0163\u0103!<\/p>\n<p style=\"text-align: right;\"><strong><em>Sf\u00e2ntul Teofan Z\u0103vor\u00e2tul. T\u00e2lcuiri din Sf\u00e2nta Scriptur\u0103 pentru fiecare zi din an<\/em><\/strong><\/p>\n","protected":false},"excerpt":{"rendered":"<p>19 februarie 2023 \u2013 Duminica l\u0103satului sec de carne, a \u00cenfrico\u0219\u0103toarei Judec\u0103\u021bi. La Dumnezeiasca Liturghie se cite\u0219te Sf\u00e2nta Evanghelie dup\u0103 Matei, capitolul&hellip;<\/p>\n","protected":false},"author":3,"featured_media":10804,"comment_status":"open","ping_status":"closed","sticky":false,"template":"","format":"standard","meta":{"_lmt_disableupdate":"","_lmt_disable":"","slim_seo":{"title":"\u015ei vor merge ace\u015ftia la os\u00e2nd\u0103 ve\u015fnic\u0103, iar drep\u0163ii la via\u0163\u0103 ve\u015fnic\u0103 - traditia.md","description":"19 februarie 2023 \u2013 Duminica l\u0103satului sec de carne, a \u00cenfrico\u0219\u0103toarei Judec\u0103\u021bi. La Dumnezeiasca Liturghie se cite\u0219te Sf\u00e2nta Evanghelie dup\u0103 Matei, capitolul 25"},"footnotes":""},"categories":[40,38],"tags":[],"class_list":["post-10806","post","type-post","status-publish","format-standard","has-post-thumbnail","hentry","category-apararea-credintei","category-stiri"],"_links":{"self":[{"href":"https:\/\/traditia.md\/ro\/wp-json\/wp\/v2\/posts\/10806","targetHints":{"allow":["GET"]}}],"collection":[{"href":"https:\/\/traditia.md\/ro\/wp-json\/wp\/v2\/posts"}],"about":[{"href":"https:\/\/traditia.md\/ro\/wp-json\/wp\/v2\/types\/post"}],"author":[{"embeddable":true,"href":"https:\/\/traditia.md\/ro\/wp-json\/wp\/v2\/users\/3"}],"replies":[{"embeddable":true,"href":"https:\/\/traditia.md\/ro\/wp-json\/wp\/v2\/comments?post=10806"}],"version-history":[{"count":0,"href":"https:\/\/traditia.md\/ro\/wp-json\/wp\/v2\/posts\/10806\/revisions"}],"wp:featuredmedia":[{"embeddable":true,"href":"https:\/\/traditia.md\/ro\/wp-json\/wp\/v2\/media\/10804"}],"wp:attachment":[{"href":"https:\/\/traditia.md\/ro\/wp-json\/wp\/v2\/media?parent=10806"}],"wp:term":[{"taxonomy":"category","embeddable":true,"href":"https:\/\/traditia.md\/ro\/wp-json\/wp\/v2\/categories?post=10806"},{"taxonomy":"post_tag","embeddable":true,"href":"https:\/\/traditia.md\/ro\/wp-json\/wp\/v2\/tags?post=10806"}],"curies":[{"name":"wp","href":"https:\/\/api.w.org\/{rel}","templated":true}]}}