{"id":10722,"date":"2023-02-15T09:00:26","date_gmt":"2023-02-15T06:00:26","guid":{"rendered":"https:\/\/traditia.md\/?p=10722"},"modified":"2023-02-15T08:47:02","modified_gmt":"2023-02-15T05:47:02","slug":"acum-slobozeste-pe-robul-tau-stapane","status":"publish","type":"post","link":"https:\/\/traditia.md\/ro\/acum-slobozeste-pe-robul-tau-stapane\/","title":{"rendered":"Acum sloboze\u015fte pe robul T\u0103u, St\u0103p\u00e2ne"},"content":{"rendered":"<p><strong><em>15 februarie \u2013 \u00cent\u00e2mpinarea Domnului. \u00cen aceast\u0103 zi, facem pr\u0103znuirea \u00cent\u00e2mpin\u0103rii Domnului, Dumnezeului \u0219i M\u00e2ntuitorului nostru Iisus Hristos, c\u00e2nd a fost primit \u00een bra\u0163e de c\u0103tre Dreptul Simeon \u00een templul din Ierusalim.<\/em><\/strong><\/p>\n<p>\u00cen ziua a patruzecea de la Na\u015fterea Sa, Preasf\u00e2nta N\u0103sc\u0103toare de Dumnezeu L-a adus pe Pruncul Iisus la Templul din Ierusalim, dup\u0103 Lege, ca s\u0103-L \u00eenchine lui Dumnezeu \u015fi ca s\u0103 se cur\u0103\u0163easc\u0103 pe sine.<\/p>\n<p><em>\u201eS\u0103-mi sfin\u0163e\u015fti pe tot \u00eent\u00e2iul n\u0103scut, pe tot cel ce se na\u015fte \u00eent\u00e2i la fiii lui Israel, de la om p\u00e2n\u0103 la dobitoc, c\u0103 este al meu\u201d<\/em> (Ie\u015firea 13: 2).<\/p>\n<p><em>\u201eGr\u0103ie\u015fte fiilor lui Israel \u015fi le zi: Dac\u0103 femeia va z\u0103misli \u015fi va na\u015fte prunc de parte b\u0103rb\u0103teasc\u0103, necurat\u0103 va fi \u015fapte zile, cum e necurat\u0103 \u015fi \u00een zilele regulei ei. Iar \u00een ziua a opta se va t\u0103ia pruncul \u00eemprejur. Femeia s\u0103 mai \u015fad\u0103 treizeci \u015fi trei de zile \u015fi s\u0103 se cure\u0163e de s\u00e2ngele s\u0103u; de nimic sf\u00e2nt s\u0103 nu se ating\u0103 \u015fi la loca\u015ful sf\u00e2nt s\u0103 nu mearg\u0103, p\u00e2n\u0103 se vor \u00eemplini zilele cur\u0103\u0163irii ei. Iar de va na\u015fte fat\u0103, necurat\u0103 va fi dou\u0103 s\u0103pt\u0103m\u00e2ni, ca \u015fi \u00een timpul regulei ei; apoi s\u0103 mai stea \u015faizeci \u015fi \u015fase de zile pentru a se cur\u0103\u0163i de s\u00e2ngele s\u0103u. Dup\u0103 ce se vor \u00eemplini zilele cur\u0103\u0163irii ei pentru fiu sau pentru fiic\u0103, s\u0103 aduc\u0103 preotului la u\u015fa cortului un miel de un an ardere de tot \u015fi un pui de porumbel sau o turturic\u0103, jertfa pentru p\u0103cat; Preotul va \u00eenf\u0103\u0163i\u015fa acestea \u00eenaintea Domnului \u015fi o va cura\u0163i \u015fi curat\u0103 va fi de curgerea s\u00e2ngelui ei. Aceasta e r\u00e2nduiala pentru ceea ce a n\u0103scut prunc de parte b\u0103rb\u0103teasc\u0103 sau de parte femeiasc\u0103 [\u2026]\u201d <\/em>(Leviticul 12: 2-7).<\/p>\n<p>Chiar dac\u0103 nici una, nici cealalt\u0103 nu erau de trebuin\u0163\u0103, totu\u015fi D\u0103t\u0103torul de Lege nu a voit c\u00e2tu\u015fi de pu\u0163in s\u0103 calce Legea de El \u00eensu\u015fi dat\u0103 prin Moise, sluga \u015fi proorocul S\u0103u.<\/p>\n<p>\u00cen aceast\u0103 vreme Zaharia, tat\u0103l Botez\u0103torului Ioan, slujea \u00eenaintea lui Dumnezeu, \u00een r\u00e2ndul s\u0103pt\u0103m\u00e2nii sale (Luca 1: 8). Iar Zaharia, intr\u00e2nd Maica Domnului s\u0103 aduc\u0103 Pruncul la Templu, a r\u00e2nduit-o pe ea s\u0103 stea nu \u00een partea femeilor, ci \u00een partea \u00een care st\u0103teau fecioarele.<\/p>\n<p>Tot acum au venit la Templu dou\u0103 persoane care demult nu mai obi\u015fnuiau s\u0103 ias\u0103, anume B\u0103tr\u00e2nul Simeon \u015fi Prooroci\u0163a Ana, fiica lui Fanuil (oameni afla\u0163i la b\u0103tr\u00e2ne\u0163i ad\u00e2nci).<\/p>\n<p>Dreptul Simeon L-a luat pe Mesia \u00een bra\u0163ele sale \u015fi a spus: <em>\u201eAcum sloboze\u015fte pe robul T\u0103u, St\u0103p\u00e2ne, dup\u0103 cuv\u00e2ntul T\u0103u, \u00een pace; C\u0103 ochii mei v\u0103zur\u0103 m\u00e2ntuirea Ta\u201d<\/em> (Luca 2: 29-30). A mai spus atunci Simeon despre Pruncul Hristos: <em>\u201eIat\u0103, Acesta este pus spre c\u0103derea \u015fi spre ridicarea multora din Israel \u015fi ca un semn care va st\u00e2rni \u00eempotriviri\u201d<\/em> (Luca 2: 34).<\/p>\n<p>Apoi Ana, care din tinere\u0163ea ei slujea la Templu cu rug\u0103ciuni \u015fi cu post, \u00cel recunoscu pe Mesia \u015fi \u00cel preasl\u0103vi pe Dumnezeu \u015fi vesti locuitorilor Ierusalimului c\u0103 a venit Cel mult a\u015fteptat.<\/p>\n<p>Fariseii care erau atunci la Templu \u015fi care au auzit toate aceste prorocii s-au \u00eenfuriat c\u0103 Zaharia a a\u015fezat-o pe Fecioara Maic\u0103 \u00een ceata fecioarelor \u015fi s-au dus la Irod \u015fi au p\u00e2r\u00e2t minunea. Convins c\u0103 Acesta este regele cel nou despre care \u00eei vorbiser\u0103 craii de la R\u0103s\u0103rit, Irod a trimis imediat osta\u015fi s\u0103-l ucid\u0103 pe Iisus. \u00centre timp \u00eens\u0103, Familia Sf\u00e2nt\u0103 deja p\u0103r\u0103sise ora\u015ful \u015fi plecase spre Egipt dup\u0103 c\u0103l\u0103uzirea \u00eengerului lui Dumnezeu.<\/p>\n<p>S\u0103rb\u0103toarea \u00cent\u00e2mpin\u0103rii Domnului la Templu s-a \u0163inut de foarte timpuriu \u00een Biseric\u0103, dar cinstirea ei mai str\u0103lucit\u0103 s-a poruncit \u00een anul 544 d. Hr., \u00een timpul \u00eemp\u0103ratului Iustinian.<\/p>\n<p><strong>Troparul S\u0103rb\u0103torii, glasul 1<\/strong><\/p>\n<p><em>Bucur\u0103-te, Ceea ce e\u015fti Plin\u0103 de har, N\u0103sc\u0103toare de Dumnezeu Fecioar\u0103; c\u0103 din tine a R\u0103s\u0103rit Soarele drept\u0103\u0163ii, Hristos Dumnezeul nostru, lumin\u00e2nd pe cei dintru \u00eentuneric. Vesele\u015fte-te \u015fi tu, b\u0103tr\u00e2nule drepte, cel ce ai primit \u00een bra\u0163e pe Izb\u0103vitorul sufletelor noastre, Cel Ce ne-a d\u0103ruit nou\u0103 \u015fi \u00cenvierea.<\/em><\/p>\n<p><em>Sursa: <a href=\"https:\/\/altarulcredintei.md\/calendar-crestin-ortodox\/\"><strong>Altarul Credin\u021bei<\/strong><\/a><\/em><\/p>\n","protected":false},"excerpt":{"rendered":"<p>15 februarie \u2013 \u00cent\u00e2mpinarea Domnului. \u00cen aceast\u0103 zi, facem pr\u0103znuirea \u00cent\u00e2mpin\u0103rii Domnului, Dumnezeului \u0219i M\u00e2ntuitorului nostru Iisus Hristos, c\u00e2nd a fost primit&hellip;<\/p>\n","protected":false},"author":3,"featured_media":10720,"comment_status":"open","ping_status":"closed","sticky":false,"template":"","format":"standard","meta":{"_lmt_disableupdate":"","_lmt_disable":"","slim_seo":{"title":"Acum sloboze\u015fte pe robul T\u0103u, St\u0103p\u00e2ne - traditia.md","description":"15 februarie \u2013 \u00cent\u00e2mpinarea Domnului. \u00cen aceast\u0103 zi, facem pr\u0103znuirea \u00cent\u00e2mpin\u0103rii Domnului, Dumnezeului \u0219i M\u00e2ntuitorului nostru Iisus Hristos, c\u00e2nd a fost prim"},"footnotes":""},"categories":[39,38],"tags":[],"class_list":["post-10722","post","type-post","status-publish","format-standard","has-post-thumbnail","hentry","category-biserica-si-societatea","category-stiri"],"_links":{"self":[{"href":"https:\/\/traditia.md\/ro\/wp-json\/wp\/v2\/posts\/10722","targetHints":{"allow":["GET"]}}],"collection":[{"href":"https:\/\/traditia.md\/ro\/wp-json\/wp\/v2\/posts"}],"about":[{"href":"https:\/\/traditia.md\/ro\/wp-json\/wp\/v2\/types\/post"}],"author":[{"embeddable":true,"href":"https:\/\/traditia.md\/ro\/wp-json\/wp\/v2\/users\/3"}],"replies":[{"embeddable":true,"href":"https:\/\/traditia.md\/ro\/wp-json\/wp\/v2\/comments?post=10722"}],"version-history":[{"count":0,"href":"https:\/\/traditia.md\/ro\/wp-json\/wp\/v2\/posts\/10722\/revisions"}],"wp:featuredmedia":[{"embeddable":true,"href":"https:\/\/traditia.md\/ro\/wp-json\/wp\/v2\/media\/10720"}],"wp:attachment":[{"href":"https:\/\/traditia.md\/ro\/wp-json\/wp\/v2\/media?parent=10722"}],"wp:term":[{"taxonomy":"category","embeddable":true,"href":"https:\/\/traditia.md\/ro\/wp-json\/wp\/v2\/categories?post=10722"},{"taxonomy":"post_tag","embeddable":true,"href":"https:\/\/traditia.md\/ro\/wp-json\/wp\/v2\/tags?post=10722"}],"curies":[{"name":"wp","href":"https:\/\/api.w.org\/{rel}","templated":true}]}}