{"id":10424,"date":"2023-01-31T09:36:19","date_gmt":"2023-01-31T06:36:19","guid":{"rendered":"https:\/\/traditia.md\/?p=10424"},"modified":"2023-01-31T09:37:38","modified_gmt":"2023-01-31T06:37:38","slug":"e-momentul-ca-fiecare-dintre-noi-sa-si-raspunda-sincer-la-intrebarea-de-partea-cui-sunt-mitropolitul-vladimir","status":"publish","type":"post","link":"https:\/\/traditia.md\/ro\/e-momentul-ca-fiecare-dintre-noi-sa-si-raspunda-sincer-la-intrebarea-de-partea-cui-sunt-mitropolitul-vladimir\/","title":{"rendered":"E momentul ca fiecare dintre noi s\u0103-\u0219i r\u0103spund\u0103 sincer la \u00eentrebarea: de partea cui sunt? \u2013 Mitropolitul Vladimir"},"content":{"rendered":"<p><strong><em>Mitropolitul Chi\u0219in\u0103ului \u0219i al \u00eentregii Moldove Vladimir a ie\u0219it cu o adresare \u00een care este expus\u0103 opinia Bisericii Ortodoxe din Moldova referitor la decizia CEDO din 17 ianuarie 2023 privind legiferarea cuplurilor LGBT. Public\u0103m textul adres\u0103rii.<\/em><\/strong><\/p>\n<p>Iubi\u021bi \u00eentru Hristos fra\u021bi \u0219i surori,<\/p>\n<p>Ne afl\u0103m \u00eentr-o situa\u021bie \u00eengrijor\u0103toare pentru poporul nostru cre\u0219tin-ortodox. Este vorba de \u00eencercarea de a ni se impune o hot\u0103r\u00e2re strig\u0103toare la cer pentru con\u0219tiin\u021ba noastr\u0103 ortodox\u0103 \u0219i anume cea a CEDO, din 17 ianuarie a.c., prin care se cere statelor membre ale Consiliului Europei \u0219i celor semnatare ale Conven\u021biei Europene s\u0103 recunoasc\u0103 \u0219i s\u0103 protejeze prin lege cuplurile LGBT. Pentru Republica Moldova aceasta \u00eenseamn\u0103, \u00een mod obligatoriu, recunoa\u0219terea prin lege a cuplurilor de acela\u0219i sex.<\/p>\n<p>Precum era de a\u0219teptat, reprezentan\u021bii infimei minorit\u0103\u021bi homosexuale din \u021aara noastr\u0103 au profitat de aceast\u0103 ocazie pentru a vehicula cu amenin\u021b\u0103ri de a merge \u00een justi\u021bie, \u00een cazul \u00een care autorit\u0103\u021bile na\u021bionale nu le vor \u00eenregistra cu acte \u00een regul\u0103 cuplurile. Adresarea noastr\u0103 nu este c\u0103tre membrii acestei minorit\u0103\u021bi, a c\u0103ror intimitate o respect\u0103m, exprim\u00e2ndu-ne dezinteresul fa\u021b\u0103 de vie\u021bile lor private, dar c\u0103tre autorit\u0103\u021bile \u021a\u0103rii noastre: nu uita\u021bi c\u0103 votul pentru conducerea \u021a\u0103rii v-a fost oferit de c\u0103tre o majoritate \u0219i nu o minoritate, iar aceast\u0103 majoritate a cet\u0103\u021benilor, chiar dac\u0103 nu e \u0219colit\u0103 pe la universit\u0103\u021bi apusene, mai \u0219tie, Slav\u0103 Domnului, s\u0103 aleag\u0103 \u201eneghina din gr\u00e2u\u201d.<\/p>\n<p>Hot\u0103r\u00e2rea CEDO stipuleaz\u0103 c\u0103 \u201eStatele semnatare ale Conven\u021biei Europene au obliga\u021bia pozitiv\u0103 s\u0103 asigure, f\u0103r\u0103 discriminare, recunoa\u0219terea legal\u0103 a cuplurilor LGBT, indiferent de opinia unui segment din societate\u201d. \u021ainem s\u0103 v\u0103 amintim c\u0103 cet\u0103\u021benii cre\u0219tin-ortodoc\u0219i nu reprezint\u0103 un segment din societate, ci o cov\u00e2r\u0219itoare majoritate. Astfel, cea mai timid\u0103 tentativ\u0103 de a \u00eenregistra legal un cuplu gay \u00een \u021aara noastr\u0103, va fi urmat\u0103 de o reac\u021bie pe m\u0103sur\u0103, deoarece astfel de decizii contravin con\u0219tiin\u021bei eminamente ortodoxe \u0219i istorice a poporului. Biserica Ortodox\u0103 din Moldova \u00eendeamn\u0103 credincio\u0219ii s\u0103 ia atitudine, evident, strict \u00een limitele permise de legisla\u021bia \u00een vigoare a Republicii Moldova, pentru ca o asemenea legalizare \u0219i promovare a p\u0103catului s\u0103 nu aib\u0103 loc.<\/p>\n<p>Credem c\u0103 acum e momentul ca fiecare dintre noi, inclusiv legiuitorii \u021b\u0103rii, s\u0103-\u0219i pun\u0103 \u00eentrebarea \u0219i s\u0103-\u0219i r\u0103spund\u0103 sincer: de partea cui sunt? De cea a unui popor care de secole a luptat \u0219i \u0219i-a c\u00e2\u0219tigat dreptul la existen\u021b\u0103 prin semnul Sfintei Cruci sau de partea celor care vor s\u0103 ne aduc\u0103 \u00een Europa prin legiferarea unor p\u0103cate strig\u0103toare la cer?<\/p>\n<p>Stima\u021bi reprezentan\u021bi ai puterii, nu sunte\u021bi ve\u0219nici pe tronul c\u00e2rmuirii \u0219i de domniile voastre depinde cum ve\u021bi r\u0103m\u00e2ne \u00eenscri\u0219i \u00een istorie: ca ni\u0219te oameni cu demnitate, care respect\u0103 istoria, tradi\u021bia, cultura \u0219i credin\u021ba poporului care v-a oferit \u00eencrederea sau ca ni\u0219te tr\u0103d\u0103tori care promoveaz\u0103 \u201evalori\u201d str\u0103ine acestui neam, de dragul unor trec\u0103toare beneficii \u0219i recuno\u0219tin\u021be.<\/p>\n<p>\u200bPentru a nu l\u0103sa loc de interpret\u0103ri, reiter\u0103m c\u0103 Biserica Ortodox\u0103 din Moldova nu s-a opus \u0219i nici nu se opune aspira\u021biilor europene ale \u021a\u0103rii noastre, \u00eens\u0103 \u00ee\u0219i dore\u0219te ca aceast\u0103 integrare s\u0103 aib\u0103 loc cu respectarea adev\u0103ratelor valori cre\u0219tine \u0219i istorice ale Europei, o Europ\u0103 \u00een care Evanghelia lui Hristos este repus\u0103 \u00een capul mesei, iar oamenii \u00ee\u0219i cunosc ob\u00e2r\u0219ia de chip \u0219i asem\u0103nare a lui Dumnezeu.<\/p>\n<p>\u200bFie ca Adev\u0103rul s\u0103 biruiasc\u0103 \u00een cugetul fiec\u0103ruia dintre noi. Ne rug\u0103m Domnului s\u0103 ne d\u0103ruiasc\u0103 tuturor \u00een\u021belepciune \u0219i \u00eemp\u0103care.<\/p>\n<p style=\"text-align: right;\"><strong><em>\u2020 VLADIMIR, MITROPOLITUL CHI\u0218IN\u0102ULUI \u0218I AL \u00ceNTREGII MOLDOVE<\/em><\/strong><\/p>\n<p style=\"text-align: right;\"><em>Sursa: <a href=\"https:\/\/mitropolia.md\/opinia-bisericii-ortodoxe-din-moldova-referitor-la-decizia-cedo-din-17-ianuarie-2023-privind-legiferarea-cuplurilor-lgbt\/\"><strong>Mitropolia.md<\/strong><\/a><\/em><\/p>\n","protected":false},"excerpt":{"rendered":"<p>Mitropolitul Chi\u0219in\u0103ului \u0219i al \u00eentregii Moldove Vladimir a ie\u0219it cu o adresare \u00een care este expus\u0103 opinia Bisericii Ortodoxe din Moldova referitor&hellip;<\/p>\n","protected":false},"author":3,"featured_media":10422,"comment_status":"open","ping_status":"closed","sticky":false,"template":"","format":"standard","meta":{"_lmt_disableupdate":"","_lmt_disable":"","slim_seo":{"title":"E momentul ca fiecare dintre noi s\u0103-\u0219i r\u0103spund\u0103 sincer la \u00eentrebarea: de partea cui sunt? \u2013 Mitropolitul Vladimir - traditia.md","description":"Mitropolitul Chi\u0219in\u0103ului \u0219i al \u00eentregii Moldove Vladimir a ie\u0219it cu o adresare \u00een care este expus\u0103 opinia Bisericii Ortodoxe din Moldova referitor la decizia CE"},"footnotes":""},"categories":[39,38],"tags":[],"class_list":["post-10424","post","type-post","status-publish","format-standard","has-post-thumbnail","hentry","category-biserica-si-societatea","category-stiri"],"_links":{"self":[{"href":"https:\/\/traditia.md\/ro\/wp-json\/wp\/v2\/posts\/10424","targetHints":{"allow":["GET"]}}],"collection":[{"href":"https:\/\/traditia.md\/ro\/wp-json\/wp\/v2\/posts"}],"about":[{"href":"https:\/\/traditia.md\/ro\/wp-json\/wp\/v2\/types\/post"}],"author":[{"embeddable":true,"href":"https:\/\/traditia.md\/ro\/wp-json\/wp\/v2\/users\/3"}],"replies":[{"embeddable":true,"href":"https:\/\/traditia.md\/ro\/wp-json\/wp\/v2\/comments?post=10424"}],"version-history":[{"count":0,"href":"https:\/\/traditia.md\/ro\/wp-json\/wp\/v2\/posts\/10424\/revisions"}],"wp:featuredmedia":[{"embeddable":true,"href":"https:\/\/traditia.md\/ro\/wp-json\/wp\/v2\/media\/10422"}],"wp:attachment":[{"href":"https:\/\/traditia.md\/ro\/wp-json\/wp\/v2\/media?parent=10424"}],"wp:term":[{"taxonomy":"category","embeddable":true,"href":"https:\/\/traditia.md\/ro\/wp-json\/wp\/v2\/categories?post=10424"},{"taxonomy":"post_tag","embeddable":true,"href":"https:\/\/traditia.md\/ro\/wp-json\/wp\/v2\/tags?post=10424"}],"curies":[{"name":"wp","href":"https:\/\/api.w.org\/{rel}","templated":true}]}}